{"id":28982,"date":"2026-04-01T13:03:14","date_gmt":"2026-04-01T13:03:14","guid":{"rendered":"https:\/\/direzionemuseiroma.cultura.gov.it\/?p=28982"},"modified":"2026-04-28T12:31:45","modified_gmt":"2026-04-28T12:31:45","slug":"eventi-di-aprile-a-casa-pasolini","status":"publish","type":"post","link":"https:\/\/direzionemuseiroma.cultura.gov.it\/en\/eventi-di-aprile-a-casa-pasolini\/","title":{"rendered":"Eventi di aprile a Casa Pasolini"},"content":{"rendered":"<p><strong>Sabato 11 e 18 aprile, ore 10.30-13.30<\/strong><br \/>\n<strong>Primo e secondo incontro di <em>Scrivere per il cinema: Laboratorio di sceneggiatura a Casa Pasolini<\/em><\/strong><\/p>\n<p>Come nasce una storia per il cinema? Come si costruisce un personaggio, un conflitto, una struttura narrativa capace di diventare racconto per immagini?<br \/>\nA Casa Pasolini prende il via il <strong>Laboratorio di Scrittura Cinematografica<\/strong> aperto a chi desidera avvicinarsi alla sceneggiatura e sperimentare il processo creativo che porta da un\u2019idea a una storia.<br \/>\nIl corso guider\u00e0 i partecipanti nello sviluppo di un progetto narrativo, dalla prima intuizione alla scrittura di un soggetto e di un breve trattamento, attraverso esercitazioni, esempi e momenti di confronto collettivo.<br \/>\nIl laboratorio sar\u00e0 condotto dalla sceneggiatrice e docente <strong>Daniela Ceselli<\/strong>\u00a0(<em>Buongiorno, notte<\/em>, <em>Vincere<\/em>, <em>E la chiamano estate<\/em>, <em>La spettatrice<\/em>).<br \/>\n<strong>Dove<\/strong> Museo Casa Pasolini \u2013 Roma<br \/>\n<strong>Quando<\/strong> 11 aprile, 18 aprile, 9 maggio, 16 maggio (orario 10.30-13.30)<br \/>\n<strong>Corso gratuito \u2013 posti limitati<\/strong><br \/>\nLe <strong>iscrizioni<\/strong> saranno accettate <strong>in ordine di arrivo delle richieste<\/strong> fino a esaurimento dei posti disponibili, scrivendo a cultura@passocivico.org.<br \/>\nIl laboratorio \u00e8 a cura di Passo Civico ETS per Casa Pasolini.<\/p>\n<p><strong>Sabato 11 aprile, ore 16.00-17.30<\/strong><br \/>\n<strong>Tavola rotonda \u00ab<em>Io sono una forza del passato<\/em>\u00bb:<em>\u00a0Narrare le periferie romane dopo Pasolini<\/em><\/strong><\/p>\n<p>Pasolini ha fatto delle borgate romane uno dei luoghi pi\u00f9 potenti del suo immaginario, raccontandole come spazi vitali, irriducibili, attraversati da conflitti ma anche da possibilit\u00e0. Oggi, per\u00f2, quei territori rischiano di essere intrappolati in una parola che li semplifica, li fissa ai <strong>margini<\/strong>, li trasforma in categoria pi\u00f9 che in realt\u00e0 viva.<br \/>\nA partire dalla sua eredit\u00e0, questo incontro mette in dialogo pratiche artistiche che nascono nei territori di margine della capitale e che, attraverso il cinema, la performance e i processi partecipativi, cercano non solo di raccontarli, ma di <strong>restituire loro voce, complessit\u00e0 e presenza<\/strong>. Non uno sguardo dall\u2019esterno, ma un lavoro che attraversa i luoghi e le comunit\u00e0, mettendo in crisi narrazioni gi\u00e0 scritte.<br \/>\nLa discussione prover\u00e0 a spostare il punto di vista: le periferie sono davvero margini o sono diventate, oggi, uno dei centri possibili da cui osservare e ripensare la citt\u00e0? E soprattutto: il linguaggio che usiamo \u00e8 ancora capace di raccontare questi territori, o contribuisce a mantenerli ai margini?<br \/>\nPi\u00f9 che celebrare Pasolini, l\u2019incontro intende usarlo come <strong>strumento critico<\/strong>. Perch\u00e9 se \u00e8 vero che era \u201cuna forza del passato\u201d, \u00e8 proprio da l\u00ec che pu\u00f2 ancora aiutarci a leggere \u2014 e forse a ribaltare \u2014 il presente.<br \/>\nLa tavola rotonda sar\u00e0 <strong>trasmessa in diretta streaming<\/strong> sul canale YouTube di Casa Pasolini (@casapasolini) ed \u00e8 <strong>aperta al pubblico in presenza<\/strong>, fino a esaurimento posti, con prenotazione obbligatoria scrivendo a cultura@passocivico.org.<\/p>\n<p><em>Introduce<\/em><br \/>\nAntonio Valerio Spera \u2013 Coordinamento Casa Pasolini per Passo Civico ETS<br \/>\n<em>Modera<\/em><br \/>\nAlba Serino \u2013 Coordinamento Casa Pasolini per Passo Civico ETS<br \/>\n<em>Intervengono<\/em><br \/>\nPaolo Assenza \u2013 Co-Fondatore di Spazio Y<br \/>\nGiorgio De Finis \u2013 Ideatore del MAAM e Direttore del Museo delle Periferie<br \/>\nFabio Morgan \u2013 Regista e autore<\/p>\n<p><strong>Domenica 12 aprile, ore 10.00 e ore 12.00<\/strong><br \/>\n<strong>Visita guidata <em>Rebibbia e la Casa Pasolini: un territorio da raccontare<\/em><\/strong><\/p>\n<p>La visita guidata nasce per inserire la Casa Museo Pasolini nel contesto urbano e culturale che la circonda, offrendo ai partecipanti uno sguardo pi\u00f9 ricco e consapevole sulla storia del territorio. Partendo dall\u2019esterno del museo, esploreremo Rebibbia ricostruendone l\u2019evoluzione urbanistica e le trasformazioni sociali.<br \/>\nIl percorso toccher\u00e0 alcuni luoghi simbolici della street art come forma di riqualificazione cittadina, con riferimenti ad artisti di fama internazionale come Blu, e con una passeggiata nei pressi delle zone rese celebri da Zerocalcare: proprio l\u00ec dove compare il suo iconico \u201cmammut\u201d \u2026 che, come scopriremo insieme, mammut non \u00e8 davvero.<br \/>\nLa visita si concluder\u00e0 all\u2019interno della Casa Museo Pasolini, il cuore dell\u2019esperienza, che potr\u00e0 essere cos\u00ec apprezzato ancora di pi\u00f9 grazie al quadro storico e territoriale appena condiviso. La visita ha la durata di un\u2019ora e un quarto ed \u00e8 a titolo gratuito per un massimo di 15 partecipanti per turno.<br \/>\nPer partecipare occorre soltanto prenotare il biglietto gratuito al museo alle ore 10.00 oppure alle ore 12.00 e trovarsi di fronte al museo per iniziare la visita all\u2019esterno.<br \/>\nLa visita guidata \u00e8 proposta da Passo Civico Comitato per Roma ETS a cura di Alba Serino.<\/p>\n<p><strong>Domenica 12 aprile, ore 15.30-17.30<\/strong><br \/>\n<strong>Quinto incontro del gruppo di lettura <em>PPP \u2013 pagine di Pasolini\u00a0<\/em><\/strong><br \/>\n<em>Cos\u2019\u00e8 un gruppo di lettura?<\/em> Un gruppo di lettura \u00e8 una microcomunit\u00e0 aperta che grazie al confronto su un autore o un volume di mese in mese esercita la possibilit\u00e0 di sentirsi meno soli in una societ\u00e0 i cui ritmi tendono sempre di pi\u00f9 ad isolarci ciascuno nelle proprie solitudini. Un luogo dove si esercita la possibilit\u00e0 di confrontarsi e di confortarsi grazie alle pagine condivise.<br \/>\n<em>A chi si rivolge?<\/em> Non ci rivolgiamo a cultori della materia ma a semplici appassionati e curiosi di tutte le et\u00e0 che abbiano voglia di scoprire insieme la figura di Pasolini.<br \/>\n<em>Cosa si fa ad un gruppo di lettura?<\/em> Si discute insieme delle letture del mese e si approfondiscono gli aspetti che hanno destato pi\u00f9 l\u2019attenzione del gruppo, con la possibile partecipazione di un ospite speciale.<br \/>\nQuesto quarto incontro sar\u00e0 dedicato a \u201cTeorema\u201d.<br \/>\nL\u2019iniziativa \u00e8 gratuita e aperta ad un massimo di 15 partecipanti con <strong>prenotazione obbligatoria<\/strong>. \u00c8 necessario prenotare il biglietto gratuito \u201cgruppo di lettura\u201d sulla piattaforma <a href=\"https:\/\/portale.museiitaliani.it\/b2c\/buyTicketless\/3fae21ea-8a6c-46ec-9079-b297c81fe73e\" target=\"_blank\" rel=\"noopener\"><strong>www.museiitaliani.it<\/strong><\/a>.<br \/>\nL\u2019appuntamento \u00e8 all\u2019interno del museo alle ore 15.30 (con ingresso possibile dalle ore 15.00 per visitare la casa).<br \/>\nIl gruppo di lettura \u00e8 proposto da Il Talento di Roma APS in collaborazione con Passo Civico ETS, a cura di Chiara Mazza.<br \/>\nNOTA: A causa degli spazi ristretti della casa non saranno a disposizione sedie per tutti i partecipanti, ma verranno forniti cuscini.<\/p>\n<p><strong>Gioved\u00ec 16 aprile<\/strong><br \/>\n<strong>Online il terzo episodio del videopodcast <em>Casa Pasolini<\/em><\/strong><\/p>\n<p>Prosegue <strong>CASA PASOLINI<\/strong>, il videopodcast ufficiale del museo inaugurato nella prima residenza romana a Rebibbia di Pier Paolo Pasolini.<br \/>\nA cura di Antonio Valerio Spera e Alba Serino, e prodotto da Blue Mirror Production nell\u2019ambito del progetto didattico di Passo Civico ETS, il podcast proporr\u00e0 un episodio ogni tre settimane (12 puntate previste), intrecciando <strong>memoria e presente, voci del quartiere, studiosi e artisti<\/strong>.<br \/>\nUn viaggio per raccontare Pasolini senza celebrazioni, ma come <strong>punto vivo da cui osservare il mondo di oggi<\/strong>. Disponibile in formato audio e video sulle principali piattaforme: Youtube (@casapasolini), Spotify (Casa Pasolini).<\/p>\n<style>\/*! elementor - v3.15.0 - 09-08-2023 *\/<br \/>\n.elementor-widget-image{text-align:center}.elementor-widget-image a{display:inline-block}.elementor-widget-image a img[src$=\".svg\"]{width:48px}.elementor-widget-image img{vertical-align:middle;display:inline-block}<\/style>\n<p>\t\t\t\t\t\t\t\t\t\t\t\t<img decoding=\"async\" width=\"1406\" height=\"1407\" src=\"https:\/\/direzionemuseiroma.cultura.gov.it\/wp-content\/uploads\/2025\/11\/CasaP_img-box2.jpg\" alt=\"\" loading=\"lazy\" srcset=\"https:\/\/direzionemuseiroma.cultura.gov.it\/wp-content\/uploads\/2025\/11\/CasaP_img-box2.jpg 1406w, https:\/\/direzionemuseiroma.cultura.gov.it\/wp-content\/uploads\/2025\/11\/CasaP_img-box2-300x300.jpg 300w, https:\/\/direzionemuseiroma.cultura.gov.it\/wp-content\/uploads\/2025\/11\/CasaP_img-box2-1024x1024.jpg 1024w, https:\/\/direzionemuseiroma.cultura.gov.it\/wp-content\/uploads\/2025\/11\/CasaP_img-box2-150x150.jpg 150w, https:\/\/direzionemuseiroma.cultura.gov.it\/wp-content\/uploads\/2025\/11\/CasaP_img-box2-768x769.jpg 768w\" sizes=\"(max-width: 1406px) 100vw, 1406px\" \/><\/p>\n","protected":false},"excerpt":{"rendered":"<p>Sabato 11 e 18 aprile, ore 10.30-13.30 Primo e secondo incontro di Scrivere per il cinema: Laboratorio di sceneggiatura a Casa Pasolini Come nasce una storia per il cinema? Come si costruisce un personaggio, un conflitto, una struttura narrativa capace di diventare racconto per immagini? A Casa Pasolini prende il via il Laboratorio di Scrittura Cinematografica aperto a chi desidera avvicinarsi alla sceneggiatura e sperimentare il processo creativo che porta da un\u2019idea a una storia. Il corso guider\u00e0 i partecipanti nello sviluppo di un progetto narrativo, dalla prima intuizione alla scrittura di un soggetto e di un breve trattamento, attraverso esercitazioni, esempi e momenti di confronto collettivo. Il laboratorio sar\u00e0 condotto dalla sceneggiatrice e docente Daniela Ceselli\u00a0(Buongiorno, notte, Vincere, E la chiamano estate, La spettatrice). Dove Museo Casa Pasolini \u2013 Roma Quando 11 aprile, 18 aprile, 9 maggio, 16 maggio (orario 10.30-13.30) Corso gratuito \u2013 posti limitati Le iscrizioni saranno accettate in ordine di arrivo delle richieste fino a esaurimento dei posti disponibili, scrivendo a cultura@passocivico.org. Il laboratorio \u00e8 a cura di Passo Civico ETS per Casa Pasolini. Sabato 11 aprile, ore 16.00-17.30 Tavola rotonda \u00abIo sono una forza del passato\u00bb:\u00a0Narrare le periferie romane dopo Pasolini Pasolini ha fatto delle borgate romane uno dei luoghi pi\u00f9 potenti del suo immaginario, raccontandole come spazi vitali, irriducibili, attraversati da conflitti ma anche da possibilit\u00e0. Oggi, per\u00f2, quei territori rischiano di essere intrappolati in una parola che li semplifica, li fissa ai margini, li trasforma in categoria pi\u00f9 che in realt\u00e0 viva. A partire dalla sua eredit\u00e0, questo incontro mette in dialogo pratiche artistiche che nascono nei territori di margine della capitale e che, attraverso il cinema, la performance e i processi partecipativi, cercano non solo di raccontarli, ma di restituire loro voce, complessit\u00e0 e presenza. Non uno sguardo dall\u2019esterno, ma un lavoro che attraversa i luoghi e le comunit\u00e0, mettendo in crisi narrazioni gi\u00e0 scritte. La discussione prover\u00e0 a spostare il punto di vista: le periferie sono davvero margini o sono diventate, oggi, uno dei centri possibili da cui osservare e ripensare la citt\u00e0? E soprattutto: il linguaggio che usiamo \u00e8 ancora capace di raccontare questi territori, o contribuisce a mantenerli ai margini? Pi\u00f9 che celebrare Pasolini, l\u2019incontro intende usarlo come strumento critico. Perch\u00e9 se \u00e8 vero che era \u201cuna forza del passato\u201d, \u00e8 proprio da l\u00ec che pu\u00f2 ancora aiutarci a leggere \u2014 e forse a ribaltare \u2014 il presente. La tavola rotonda sar\u00e0 trasmessa in diretta streaming sul canale YouTube di Casa Pasolini (@casapasolini) ed \u00e8 aperta al pubblico in presenza, fino a esaurimento posti, con prenotazione obbligatoria scrivendo a cultura@passocivico.org. Introduce Antonio Valerio Spera \u2013 Coordinamento Casa Pasolini per Passo Civico ETS Modera Alba Serino \u2013 Coordinamento Casa Pasolini per Passo Civico ETS Intervengono Paolo Assenza \u2013 Co-Fondatore di Spazio Y Giorgio De Finis \u2013 Ideatore del MAAM e Direttore del Museo delle Periferie Fabio Morgan \u2013 Regista e autore Domenica 12 aprile, ore 10.00 e ore 12.00 Visita guidata Rebibbia e la Casa Pasolini: un territorio da raccontare La visita guidata nasce per inserire la Casa Museo Pasolini nel contesto urbano e culturale che la circonda, offrendo ai partecipanti uno sguardo pi\u00f9 ricco e consapevole sulla storia del territorio. Partendo dall\u2019esterno del museo, esploreremo Rebibbia ricostruendone l\u2019evoluzione urbanistica e le trasformazioni sociali. Il percorso toccher\u00e0 alcuni luoghi simbolici della street art come forma di riqualificazione cittadina, con riferimenti ad artisti di fama internazionale come Blu, e con una passeggiata nei pressi delle zone rese celebri da Zerocalcare: proprio l\u00ec dove compare il suo iconico \u201cmammut\u201d \u2026 che, come scopriremo insieme, mammut non \u00e8 davvero. La visita si concluder\u00e0 all\u2019interno della Casa Museo Pasolini, il cuore dell\u2019esperienza, che potr\u00e0 essere cos\u00ec apprezzato ancora di pi\u00f9 grazie al quadro storico e territoriale appena condiviso. La visita ha la durata di un\u2019ora e un quarto ed \u00e8 a titolo gratuito per un massimo di 15 partecipanti per turno. Per partecipare occorre soltanto prenotare il biglietto gratuito al museo alle ore 10.00 oppure alle ore 12.00 e trovarsi di fronte al museo per iniziare la visita all\u2019esterno. La visita guidata \u00e8 proposta da Passo Civico Comitato per Roma ETS a cura di Alba Serino. Domenica 12 aprile, ore 15.30-17.30 Quinto incontro del gruppo di lettura PPP \u2013 pagine di Pasolini\u00a0 Cos\u2019\u00e8 un gruppo di lettura? Un gruppo di lettura \u00e8 una microcomunit\u00e0 aperta che grazie al confronto su un autore o un volume di mese in mese esercita la possibilit\u00e0 di sentirsi meno soli in una societ\u00e0 i cui ritmi tendono sempre di pi\u00f9 ad isolarci ciascuno nelle proprie solitudini. Un luogo dove si esercita la possibilit\u00e0 di confrontarsi e di confortarsi grazie alle pagine condivise. A chi si rivolge? Non ci rivolgiamo a cultori della materia ma a semplici appassionati e curiosi di tutte le et\u00e0 che abbiano voglia di scoprire insieme la figura di Pasolini. Cosa si fa ad un gruppo di lettura? Si discute insieme delle letture del mese e si approfondiscono gli aspetti che hanno destato pi\u00f9 l\u2019attenzione del gruppo, con la possibile partecipazione di un ospite speciale. Questo quarto incontro sar\u00e0 dedicato a \u201cTeorema\u201d. L\u2019iniziativa \u00e8 gratuita e aperta ad un massimo di 15 partecipanti con prenotazione obbligatoria. \u00c8 necessario prenotare il biglietto gratuito \u201cgruppo di lettura\u201d sulla piattaforma www.museiitaliani.it. L\u2019appuntamento \u00e8 all\u2019interno del museo alle ore 15.30 (con ingresso possibile dalle ore 15.00 per visitare la casa). Il gruppo di lettura \u00e8 proposto da Il Talento di Roma APS in collaborazione con Passo Civico ETS, a cura di Chiara Mazza. NOTA: A causa degli spazi ristretti della casa non saranno a disposizione sedie per tutti i partecipanti, ma verranno forniti cuscini. Gioved\u00ec 16 aprile Online il terzo episodio del videopodcast Casa Pasolini Prosegue CASA PASOLINI, il videopodcast ufficiale del museo inaugurato nella prima residenza romana a Rebibbia di Pier Paolo Pasolini. A cura di Antonio Valerio Spera e Alba Serino, e prodotto da Blue Mirror Production nell\u2019ambito del progetto didattico di Passo Civico ETS, il podcast proporr\u00e0 un episodio ogni tre settimane (12 puntate previste),<\/p>\n","protected":false},"author":8,"featured_media":25891,"comment_status":"open","ping_status":"open","sticky":false,"template":"","format":"standard","meta":{"om_disable_all_campaigns":false,"footnotes":""},"categories":[152,69],"tags":[],"pp_force_visibility":null,"pp_subpost_visibility":null,"pp_inherited_force_visibility":null,"pp_inherited_subpost_visibility":null,"aioseo_notices":[],"_links":{"self":[{"href":"https:\/\/direzionemuseiroma.cultura.gov.it\/en\/wp-json\/wp\/v2\/posts\/28982"}],"collection":[{"href":"https:\/\/direzionemuseiroma.cultura.gov.it\/en\/wp-json\/wp\/v2\/posts"}],"about":[{"href":"https:\/\/direzionemuseiroma.cultura.gov.it\/en\/wp-json\/wp\/v2\/types\/post"}],"author":[{"embeddable":true,"href":"https:\/\/direzionemuseiroma.cultura.gov.it\/en\/wp-json\/wp\/v2\/users\/8"}],"replies":[{"embeddable":true,"href":"https:\/\/direzionemuseiroma.cultura.gov.it\/en\/wp-json\/wp\/v2\/comments?post=28982"}],"version-history":[{"count":24,"href":"https:\/\/direzionemuseiroma.cultura.gov.it\/en\/wp-json\/wp\/v2\/posts\/28982\/revisions"}],"predecessor-version":[{"id":29553,"href":"https:\/\/direzionemuseiroma.cultura.gov.it\/en\/wp-json\/wp\/v2\/posts\/28982\/revisions\/29553"}],"wp:featuredmedia":[{"embeddable":true,"href":"https:\/\/direzionemuseiroma.cultura.gov.it\/en\/wp-json\/wp\/v2\/media\/25891"}],"wp:attachment":[{"href":"https:\/\/direzionemuseiroma.cultura.gov.it\/en\/wp-json\/wp\/v2\/media?parent=28982"}],"wp:term":[{"taxonomy":"category","embeddable":true,"href":"https:\/\/direzionemuseiroma.cultura.gov.it\/en\/wp-json\/wp\/v2\/categories?post=28982"},{"taxonomy":"post_tag","embeddable":true,"href":"https:\/\/direzionemuseiroma.cultura.gov.it\/en\/wp-json\/wp\/v2\/tags?post=28982"}],"curies":[{"name":"wp","href":"https:\/\/api.w.org\/{rel}","templated":true}]}}