{"id":27511,"date":"2024-10-11T12:21:21","date_gmt":"2024-10-11T12:21:21","guid":{"rendered":"https:\/\/direzionemuseiroma.cultura.gov.it\/mastroianni-ieri-oggi-sempre-mostra-a-castel-santangelo\/"},"modified":"2026-02-11T07:04:22","modified_gmt":"2026-02-11T07:04:22","slug":"mastroianni-ieri-oggi-sempre-mostra-a-castel-santangelo","status":"publish","type":"post","link":"https:\/\/direzionemuseiroma.cultura.gov.it\/en\/mastroianni-ieri-oggi-sempre-mostra-a-castel-santangelo\/","title":{"rendered":"Mastroianni. Ieri, Oggi, Sempre. Mostra a Castel Sant&#8217;Angelo"},"content":{"rendered":"<h2>Mastroianni. Ieri, Oggi, Sempre<\/h2>\n<h5><strong>Da domani a Castel Sant&#8217;Angelo la mostra tributo, un omaggio fotografico alla leggenda del cinema italiano <\/strong><br \/>\n<strong>100 foto per 100 anni<\/strong><\/h5>\n<p>Roma, 11 ottobre 2024 \u2013 Si \u00e8 tenuta oggi, a Castel Sant\u2019Angelo, l\u2019anteprima istituzionale della mostra <strong><em>Mastroianni. Ieri, Oggi, Sempre<\/em><\/strong> alla presenza del Direttore generale Musei Massimo Osanna, del Presidente della Commissione VII Cultura, Scienza e Istruzione della Camera dei Deputati Federico Mollicone, della Presidente di Istituto Luce Cinecitt\u00e0 Chiara Sbarigia e del curatore Gian Luca Farinelli. L\u2019esposizione aprir\u00e0 al pubblico domani 12 ottobre <strong>fino al 16 febbraio 2025<\/strong>.<\/p>\n<p>La mostra tributo in occasione dei cento anni dalla nascita di Marcello Mastroianni, evento ufficiale della diciannovesima Festa del Cinema di Roma, imperdibile per tutti gli amanti del cinema italiano e della fotografia d\u2019autore, raccoglie una straordinaria collezione di scatti fotografici che ripercorrono la carriera e la vita della grande leggenda del cinema italiano, uno degli attori pi\u00f9 iconici del nostro tempo e simbolo della \u201cDolce Vita\u201d.<\/p>\n<p>Promossa dall\u2019istituto Pantheon e Castel Sant\u2019Angelo \u2013 Direzione Musei nazionali della citt\u00e0 di Roma del Ministero della Cultura, l\u2019esposizione \u00e8 curata da Gian Luca Farinelli, Direttore della Cineteca di Bologna, con il patrocinio della Regione Lazio, ed \u00e8 organizzata da Civita Mostre e Musei in collaborazione con Fondazione Cinema per Roma, Cineteca di Bologna, Archivio Storico Istituto Luce, Biblioteca Museo Teatrale SIAE, Fondazione Centro Sperimentale di Cinematografia, Rai Teche e con il contributo di archivi privati.<\/p>\n<p>Intitolata \u201cIeri, Oggi, Sempre\u201d in omaggio ad uno dei film pi\u00f9 famosi di Mastroianni, la mostra offre un viaggio visivo nella storia del cinema italiano attraverso l&#8217;obiettivo di celebri fotografi che hanno catturato momenti intimi e pubblici del divo; 100 foto per 100 anni, in un viaggio unico e affascinante attraverso i momenti pi\u00f9 iconici e significativi della vita di Marcello Mastroianni che \u00e8 stato un ambasciatore del cinema italiano nel mondo. La sua eleganza, la sua ironia e la sua capacit\u00e0 di dare vita a personaggi complessi e affascinanti lo hanno reso una leggenda.<\/p>\n<p>Le immagini esposte esploreranno le molteplici sfumature dell&#8217;attore, non solo nei suoi ruoli cinematografici pi\u00f9 celebri, ma anche nella sua dimensione privata, lontano dai riflettori cercando di svelare anche i meccanismi dietro le quinte attraverso un percorso coinvolgente ed interattivo. Il percorso espositivo si snoda su due temi fondamentali: uno <em>on set<\/em> con focus su alcuni momenti durante gli spettacoli o le riprese, ed uno <em>off set <\/em>che rivela al visitatore l\u2019uomo Marcello Mastroianni, approfondendone il personaggio e raccontando la sua storia.<\/p>\n<p>Come evidenzia il Direttore generale Musei Massimo Osanna, <em>Castel Sant\u2019Angelo si conferma ancora una volta un punto di riferimento fondamentale per l\u2019incontro e il dialogo tra diversi linguaggi e discipline, con le sue mostre che spaziano dalla fotografia, all\u2019arte, all\u2019archeologia, al cinema.<\/em><br \/>\n<em>Quello che oggi si inaugura \u00e8 un progetto corale, di collaborazione tra una pluralit\u00e0 di istituzioni, dedicato a una figura iconica della cultura italiana e internazionale, in un luogo altrettanto simbolico per il nostro patrimonio.<\/em><\/p>\n<p><em>L\u2019obiettivo della mostra \u2018Ieri, Oggi, Sempre\u2019 non \u00e8 solo commemorare attraverso la fotografia uno dei pi\u00f9 grandi personaggi del cinema italiano e mondiale, ma valorizzare gli aspetti della sua vita e della sua arte che non sono conosciuti e ci\u00f2 che &#8211; dopo cento anni dalla sua scomparsa &#8211; ha rappresentato per la nostra societ\u00e0 e il nostro sistema culturale. L\u2019esposizione \u00e8 frutto di uno sforzo istituzionale comune volto all&#8217;esaltazione di quella naturalezza malinconica e umanit\u00e0 ironica che hanno scritto la storia della cultura italiana del secondo Novecento e che lo hanno fatto amare dagli italiani come uno di loro. Da sempre sosteniamo iniziative come questa<\/em>, afferma Federico Mollicone Presidente della Commissione Cultura della Camera dei Deputati.<\/p>\n<p>Dichiara Gian Luca Farinelli, curatore della mostra<em>:<\/em> <em>Nel paese dei mostri sacri e degli istrioni, Mastroianni ha saputo diventare la presenza pi\u00f9 umana e carismatica, il divo pi\u00f9 internazionale, coltivando uno stile nell\u2019ombra, senza eccessi, senza abusi, preferendo le inflessioni interiori. Anche per questo non lo si pu\u00f2 confondere con nessun altro, n\u00e9 lo si pu\u00f2 dimenticare. La sua silhouette cos\u00ec discreta, senza parole inutili, cos\u00ec autoironica, ha portato nel mondo intero un\u2019idea della nostra civilt\u00e0, della nostra cultura, che ben pochi altri hanno saputo offrire con la stessa eleganza.<\/em><\/p>\n<p><a href=\"https:\/\/direzionemuseiroma.cultura.gov.it\/wp-content\/uploads\/2024\/10\/CS-Mastroianni-11.10.pdf\" target=\"_blank\" rel=\"noopener\"><strong>Comunicato stampa<\/strong><\/a><\/p>\n<p><strong>MOSTRA PROROGATA FINO AL 16 FEBBRAIO 2025<\/strong><\/p>\n<p><img decoding=\"async\" loading=\"lazy\" src=\"https:\/\/direzionemuseiroma.cultura.gov.it\/wp-content\/uploads\/2024\/10\/locandina-724x1024.jpg\" alt=\"\" width=\"724\" height=\"1024\" \/><\/p>\n<style>\/*! elementor-pro - v3.15.0 - 09-08-2023 *\/<br \/>\n.elementor-gallery__container{min-height:1px}.elementor-gallery-item{position:relative;overflow:hidden;display:block;text-decoration:none;border:solid var(--image-border-width) var(--image-border-color);border-radius:var(--image-border-radius)}.elementor-gallery-item__content,.elementor-gallery-item__overlay{height:100%;width:100%;position:absolute;top:0;left:0}.elementor-gallery-item__overlay{mix-blend-mode:var(--overlay-mix-blend-mode);transition-duration:var(--overlay-transition-duration);transition-property:mix-blend-mode,transform,opacity,background-color}.elementor-gallery-item__image.e-gallery-image{transition-duration:var(--image-transition-duration);transition-property:filter,transform}.elementor-gallery-item__content{display:flex;flex-direction:column;justify-content:var(--content-justify-content,center);align-items:center;text-align:var(--content-text-align);padding:var(--content-padding)}.elementor-gallery-item__content>div{transition-duration:var(--content-transition-duration)}.elementor-gallery-item__content.elementor-gallery--sequenced-animation>div:nth-child(2){transition-delay:calc(var(--content-transition-delay) \/ 3)}.elementor-gallery-item__content.elementor-gallery--sequenced-animation>div:nth-child(3){transition-delay:calc(var(--content-transition-delay) \/ 3 * 2)}.elementor-gallery-item__content.elementor-gallery--sequenced-animation>div:nth-child(4){transition-delay:calc(var(--content-transition-delay) \/ 3 * 3)}.elementor-gallery-item__description{color:var(--description-text-color,#fff);width:100%}.elementor-gallery-item__title{color:var(--title-text-color,#fff);font-weight:700;width:100%}.elementor-gallery__titles-container{display:flex;flex-wrap:wrap;justify-content:var(--titles-container-justify-content,center);margin-bottom:20px}.elementor-gallery__titles-container:not(.e--pointer-framed) .elementor-item:after,.elementor-gallery__titles-container:not(.e--pointer-framed) .elementor-item:before{background-color:var(--galleries-pointer-bg-color-hover)}.elementor-gallery__titles-container:not(.e--pointer-framed) .elementor-item.elementor-item-active:after,.elementor-gallery__titles-container:not(.e--pointer-framed) .elementor-item.elementor-item-active:before{background-color:var(--galleries-pointer-bg-color-active)}.elementor-gallery__titles-container.e--pointer-framed .elementor-item:before{border-color:var(--galleries-pointer-bg-color-hover);border-width:var(--galleries-pointer-border-width)}.elementor-gallery__titles-container.e--pointer-framed .elementor-item:after{border-color:var(--galleries-pointer-bg-color-hover)}.elementor-gallery__titles-container.e--pointer-framed .elementor-item.elementor-item-active:after,.elementor-gallery__titles-container.e--pointer-framed .elementor-item.elementor-item-active:before{border-color:var(--galleries-pointer-bg-color-active)}.elementor-gallery__titles-container.e--pointer-framed.e--animation-draw .elementor-item:before{border-left-width:var(--galleries-pointer-border-width);border-bottom-width:var(--galleries-pointer-border-width);border-right-width:0;border-top-width:0}.elementor-gallery__titles-container.e--pointer-framed.e--animation-draw .elementor-item:after{border-left-width:0;border-bottom-width:0;border-right-width:var(--galleries-pointer-border-width);border-top-width:var(--galleries-pointer-border-width)}.elementor-gallery__titles-container.e--pointer-framed.e--animation-corners .elementor-item:before{border-left-width:var(--galleries-pointer-border-width);border-bottom-width:0;border-right-width:0;border-top-width:var(--galleries-pointer-border-width)}.elementor-gallery__titles-container.e--pointer-framed.e--animation-corners .elementor-item:after{border-left-width:0;border-bottom-width:var(--galleries-pointer-border-width);border-right-width:var(--galleries-pointer-border-width);border-top-width:0}.elementor-gallery__titles-container .e--pointer-double-line .elementor-item:after,.elementor-gallery__titles-container .e--pointer-double-line .elementor-item:before,.elementor-gallery__titles-container .e--pointer-overline .elementor-item:before,.elementor-gallery__titles-container .e--pointer-underline .elementor-item:after{height:var(--galleries-pointer-border-width)}.elementor-gallery-title{--space-between:10px;cursor:pointer;color:#6d7882;font-weight:500;position:relative;padding:7px 14px;transition:all .3s}.elementor-gallery-title--active{color:#495157}.elementor-gallery-title:not(:last-child){margin-right:var(--space-between)}.elementor-gallery-item__title+.elementor-gallery-item__description{margin-top:var(--description-margin-top)}.e-gallery-item.elementor-gallery-item{transition-property:all}.e-gallery-item.elementor-animated-content .elementor-animated-item--enter-from-bottom,.e-gallery-item.elementor-animated-content .elementor-animated-item--enter-from-left,.e-gallery-item.elementor-animated-content .elementor-animated-item--enter-from-right,.e-gallery-item.elementor-animated-content .elementor-animated-item--enter-from-top,.e-gallery-item:focus .elementor-gallery__item-overlay-bg,.e-gallery-item:focus .elementor-gallery__item-overlay-content,.e-gallery-item:focus .elementor-gallery__item-overlay-content__description,.e-gallery-item:focus .elementor-gallery__item-overlay-content__title,.e-gallery-item:hover .elementor-gallery__item-overlay-bg,.e-gallery-item:hover .elementor-gallery__item-overlay-content,.e-gallery-item:hover .elementor-gallery__item-overlay-content__description,.e-gallery-item:hover .elementor-gallery__item-overlay-content__title{opacity:1}a.elementor-item.elementor-gallery-title{color:var(--galleries-title-color-normal)}a.elementor-item.elementor-gallery-title.elementor-item-active,a.elementor-item.elementor-gallery-title.highlighted,a.elementor-item.elementor-gallery-title:focus,a.elementor-item.elementor-gallery-title:hover{color:var(--galleries-title-color-hover)}a.elementor-item.elementor-gallery-title.elementor-item-active{color:var(--gallery-title-color-active)}.e-con-inner>.elementor-widget-gallery,.e-con>.elementor-widget-gallery{width:var(--container-widget-width);--flex-grow:var(--container-widget-flex-grow)}<\/style>\n<p>\t\t\t\t\t\t\t<a href=\"https:\/\/direzionemuseiroma.cultura.gov.it\/wp-content\/uploads\/2024\/10\/06.jpg\" data-elementor-open-lightbox=\"yes\" data-elementor-lightbox-slideshow=\"97468b6\" data-e-action-hash=\"#elementor-action%3Aaction%3Dlightbox%26settings%3DeyJpZCI6MTkyNzMsInVybCI6Imh0dHBzOlwvXC9kaXJlemlvbmVtdXNlaXJvbWEuY3VsdHVyYS5nb3YuaXRcL3dwLWNvbnRlbnRcL3VwbG9hZHNcLzIwMjRcLzEwXC8wNi5qcGciLCJzbGlkZXNob3ciOiI5NzQ2OGI2In0%3D\"><br \/>\n<\/a><br \/>\n<a href=\"https:\/\/direzionemuseiroma.cultura.gov.it\/wp-content\/uploads\/2024\/10\/08.jpg\" data-elementor-open-lightbox=\"yes\" data-elementor-lightbox-slideshow=\"97468b6\" data-e-action-hash=\"#elementor-action%3Aaction%3Dlightbox%26settings%3DeyJpZCI6MTkyNjksInVybCI6Imh0dHBzOlwvXC9kaXJlemlvbmVtdXNlaXJvbWEuY3VsdHVyYS5nb3YuaXRcL3dwLWNvbnRlbnRcL3VwbG9hZHNcLzIwMjRcLzEwXC8wOC5qcGciLCJzbGlkZXNob3ciOiI5NzQ2OGI2In0%3D\"><br \/>\n<\/a><br \/>\n<a href=\"https:\/\/direzionemuseiroma.cultura.gov.it\/wp-content\/uploads\/2024\/10\/07.jpg\" data-elementor-open-lightbox=\"yes\" data-elementor-lightbox-slideshow=\"97468b6\" data-e-action-hash=\"#elementor-action%3Aaction%3Dlightbox%26settings%3DeyJpZCI6MTkyNzUsInVybCI6Imh0dHBzOlwvXC9kaXJlemlvbmVtdXNlaXJvbWEuY3VsdHVyYS5nb3YuaXRcL3dwLWNvbnRlbnRcL3VwbG9hZHNcLzIwMjRcLzEwXC8wNy5qcGciLCJzbGlkZXNob3ciOiI5NzQ2OGI2In0%3D\"><br \/>\n<\/a><br \/>\n<a href=\"https:\/\/direzionemuseiroma.cultura.gov.it\/wp-content\/uploads\/2024\/10\/03.jpg\" data-elementor-open-lightbox=\"yes\" data-elementor-lightbox-slideshow=\"97468b6\" data-e-action-hash=\"#elementor-action%3Aaction%3Dlightbox%26settings%3DeyJpZCI6MTkyNjcsInVybCI6Imh0dHBzOlwvXC9kaXJlemlvbmVtdXNlaXJvbWEuY3VsdHVyYS5nb3YuaXRcL3dwLWNvbnRlbnRcL3VwbG9hZHNcLzIwMjRcLzEwXC8wMy5qcGciLCJzbGlkZXNob3ciOiI5NzQ2OGI2In0%3D\"><br \/>\n<\/a><br \/>\n<a href=\"https:\/\/direzionemuseiroma.cultura.gov.it\/wp-content\/uploads\/2024\/10\/04.jpg\" data-elementor-open-lightbox=\"yes\" data-elementor-lightbox-slideshow=\"97468b6\" data-e-action-hash=\"#elementor-action%3Aaction%3Dlightbox%26settings%3DeyJpZCI6MTkyNzcsInVybCI6Imh0dHBzOlwvXC9kaXJlemlvbmVtdXNlaXJvbWEuY3VsdHVyYS5nb3YuaXRcL3dwLWNvbnRlbnRcL3VwbG9hZHNcLzIwMjRcLzEwXC8wNC5qcGciLCJzbGlkZXNob3ciOiI5NzQ2OGI2In0%3D\"><br \/>\n<\/a><br \/>\n<a href=\"https:\/\/direzionemuseiroma.cultura.gov.it\/wp-content\/uploads\/2024\/10\/09-Civita-ph-FMantova.jpg\" data-elementor-open-lightbox=\"yes\" data-elementor-lightbox-slideshow=\"97468b6\" data-e-action-hash=\"#elementor-action%3Aaction%3Dlightbox%26settings%3DeyJpZCI6MTkzMTMsInVybCI6Imh0dHBzOlwvXC9kaXJlemlvbmVtdXNlaXJvbWEuY3VsdHVyYS5nb3YuaXRcL3dwLWNvbnRlbnRcL3VwbG9hZHNcLzIwMjRcLzEwXC8wOS1DaXZpdGEtcGgtRk1hbnRvdmEuanBnIiwic2xpZGVzaG93IjoiOTc0NjhiNiJ9\"><br \/>\n<\/a><\/p>\n<p><b>Immagini\u00a0<\/b><\/p>\n<p>La Dolce Vita\u00a0\u00a9 Reporters Associati &amp; Archivi-Cineteca di Bologna<br \/>\nLa Dolce Vita\u00a0\u00a9 Reporters Associati &amp; Archivi-Cineteca di Bologna<br \/>\nLa Dolce Vita\u00a0\u00a9 Reporters Associati &amp; Archivi-Cineteca di Bologna<br \/>\nOtto e mezzo \u00a9 Collezione Maraldi<br \/>\nLa citt\u00e0 delle donne \u00a9 Reporters Associati &amp; Archivi-Cineteca di Bologna<br \/>\nFoto dell&#8217;allestimento, \u00a9 FMantova<\/p>\n","protected":false},"excerpt":{"rendered":"<p>Mastroianni. Ieri, Oggi, Sempre Da domani a Castel Sant&#8217;Angelo la mostra tributo, un omaggio fotografico alla leggenda del cinema italiano 100 foto per 100 anni Roma, 11 ottobre 2024 \u2013 Si \u00e8 tenuta oggi, a Castel Sant\u2019Angelo, l\u2019anteprima istituzionale della mostra Mastroianni. Ieri, Oggi, Sempre alla presenza del Direttore generale Musei Massimo Osanna, del Presidente della Commissione VII Cultura, Scienza e Istruzione della Camera dei Deputati Federico Mollicone, della Presidente di Istituto Luce Cinecitt\u00e0 Chiara Sbarigia e del curatore Gian Luca Farinelli. L\u2019esposizione aprir\u00e0 al pubblico domani 12 ottobre fino al 16 febbraio 2025. La mostra tributo in occasione dei cento anni dalla nascita di Marcello Mastroianni, evento ufficiale della diciannovesima Festa del Cinema di Roma, imperdibile per tutti gli amanti del cinema italiano e della fotografia d\u2019autore, raccoglie una straordinaria collezione di scatti fotografici che ripercorrono la carriera e la vita della grande leggenda del cinema italiano, uno degli attori pi\u00f9 iconici del nostro tempo e simbolo della \u201cDolce Vita\u201d. Promossa dall\u2019istituto Pantheon e Castel Sant\u2019Angelo \u2013 Direzione Musei nazionali della citt\u00e0 di Roma del Ministero della Cultura, l\u2019esposizione \u00e8 curata da Gian Luca Farinelli, Direttore della Cineteca di Bologna, con il patrocinio della Regione Lazio, ed \u00e8 organizzata da Civita Mostre e Musei in collaborazione con Fondazione Cinema per Roma, Cineteca di Bologna, Archivio Storico Istituto Luce, Biblioteca Museo Teatrale SIAE, Fondazione Centro Sperimentale di Cinematografia, Rai Teche e con il contributo di archivi privati. Intitolata \u201cIeri, Oggi, Sempre\u201d in omaggio ad uno dei film pi\u00f9 famosi di Mastroianni, la mostra offre un viaggio visivo nella storia del cinema italiano attraverso l&#8217;obiettivo di celebri fotografi che hanno catturato momenti intimi e pubblici del divo; 100 foto per 100 anni, in un viaggio unico e affascinante attraverso i momenti pi\u00f9 iconici e significativi della vita di Marcello Mastroianni che \u00e8 stato un ambasciatore del cinema italiano nel mondo. La sua eleganza, la sua ironia e la sua capacit\u00e0 di dare vita a personaggi complessi e affascinanti lo hanno reso una leggenda. Le immagini esposte esploreranno le molteplici sfumature dell&#8217;attore, non solo nei suoi ruoli cinematografici pi\u00f9 celebri, ma anche nella sua dimensione privata, lontano dai riflettori cercando di svelare anche i meccanismi dietro le quinte attraverso un percorso coinvolgente ed interattivo. Il percorso espositivo si snoda su due temi fondamentali: uno on set con focus su alcuni momenti durante gli spettacoli o le riprese, ed uno off set che rivela al visitatore l\u2019uomo Marcello Mastroianni, approfondendone il personaggio e raccontando la sua storia. Come evidenzia il Direttore generale Musei Massimo Osanna, Castel Sant\u2019Angelo si conferma ancora una volta un punto di riferimento fondamentale per l\u2019incontro e il dialogo tra diversi linguaggi e discipline, con le sue mostre che spaziano dalla fotografia, all\u2019arte, all\u2019archeologia, al cinema. Quello che oggi si inaugura \u00e8 un progetto corale, di collaborazione tra una pluralit\u00e0 di istituzioni, dedicato a una figura iconica della cultura italiana e internazionale, in un luogo altrettanto simbolico per il nostro patrimonio. L\u2019obiettivo della mostra \u2018Ieri, Oggi, Sempre\u2019 non \u00e8 solo commemorare attraverso la fotografia uno dei pi\u00f9 grandi personaggi del cinema italiano e mondiale, ma valorizzare gli aspetti della sua vita e della sua arte che non sono conosciuti e ci\u00f2 che &#8211; dopo cento anni dalla sua scomparsa &#8211; ha rappresentato per la nostra societ\u00e0 e il nostro sistema culturale. L\u2019esposizione \u00e8 frutto di uno sforzo istituzionale comune volto all&#8217;esaltazione di quella naturalezza malinconica e umanit\u00e0 ironica che hanno scritto la storia della cultura italiana del secondo Novecento e che lo hanno fatto amare dagli italiani come uno di loro. Da sempre sosteniamo iniziative come questa, afferma Federico Mollicone Presidente della Commissione Cultura della Camera dei Deputati. Dichiara Gian Luca Farinelli, curatore della mostra: Nel paese dei mostri sacri e degli istrioni, Mastroianni ha saputo diventare la presenza pi\u00f9 umana e carismatica, il divo pi\u00f9 internazionale, coltivando uno stile nell\u2019ombra, senza eccessi, senza abusi, preferendo le inflessioni interiori. Anche per questo non lo si pu\u00f2 confondere con nessun altro, n\u00e9 lo si pu\u00f2 dimenticare. La sua silhouette cos\u00ec discreta, senza parole inutili, cos\u00ec autoironica, ha portato nel mondo intero un\u2019idea della nostra civilt\u00e0, della nostra cultura, che ben pochi altri hanno saputo offrire con la stessa eleganza. Comunicato stampa MOSTRA PROROGATA FINO AL 16 FEBBRAIO 2025 Immagini\u00a0 La Dolce Vita\u00a0\u00a9 Reporters Associati &amp; Archivi-Cineteca di Bologna La Dolce Vita\u00a0\u00a9 Reporters Associati &amp; Archivi-Cineteca di Bologna La Dolce Vita\u00a0\u00a9 Reporters Associati &amp; Archivi-Cineteca di Bologna Otto e mezzo \u00a9 Collezione Maraldi La citt\u00e0 delle donne \u00a9 Reporters Associati &amp; Archivi-Cineteca di Bologna Foto dell&#8217;allestimento, \u00a9 FMantova<\/p>\n","protected":false},"author":8,"featured_media":19262,"comment_status":"open","ping_status":"open","sticky":false,"template":"","format":"standard","meta":{"om_disable_all_campaigns":false,"footnotes":""},"categories":[68,69,110],"tags":[],"pp_force_visibility":null,"pp_subpost_visibility":null,"pp_inherited_force_visibility":null,"pp_inherited_subpost_visibility":null,"aioseo_notices":[],"_links":{"self":[{"href":"https:\/\/direzionemuseiroma.cultura.gov.it\/en\/wp-json\/wp\/v2\/posts\/27511"}],"collection":[{"href":"https:\/\/direzionemuseiroma.cultura.gov.it\/en\/wp-json\/wp\/v2\/posts"}],"about":[{"href":"https:\/\/direzionemuseiroma.cultura.gov.it\/en\/wp-json\/wp\/v2\/types\/post"}],"author":[{"embeddable":true,"href":"https:\/\/direzionemuseiroma.cultura.gov.it\/en\/wp-json\/wp\/v2\/users\/8"}],"replies":[{"embeddable":true,"href":"https:\/\/direzionemuseiroma.cultura.gov.it\/en\/wp-json\/wp\/v2\/comments?post=27511"}],"version-history":[{"count":1,"href":"https:\/\/direzionemuseiroma.cultura.gov.it\/en\/wp-json\/wp\/v2\/posts\/27511\/revisions"}],"predecessor-version":[{"id":27512,"href":"https:\/\/direzionemuseiroma.cultura.gov.it\/en\/wp-json\/wp\/v2\/posts\/27511\/revisions\/27512"}],"wp:featuredmedia":[{"embeddable":true,"href":"https:\/\/direzionemuseiroma.cultura.gov.it\/en\/wp-json\/wp\/v2\/media\/19262"}],"wp:attachment":[{"href":"https:\/\/direzionemuseiroma.cultura.gov.it\/en\/wp-json\/wp\/v2\/media?parent=27511"}],"wp:term":[{"taxonomy":"category","embeddable":true,"href":"https:\/\/direzionemuseiroma.cultura.gov.it\/en\/wp-json\/wp\/v2\/categories?post=27511"},{"taxonomy":"post_tag","embeddable":true,"href":"https:\/\/direzionemuseiroma.cultura.gov.it\/en\/wp-json\/wp\/v2\/tags?post=27511"}],"curies":[{"name":"wp","href":"https:\/\/api.w.org\/{rel}","templated":true}]}}