{"id":27473,"date":"2024-11-19T08:21:36","date_gmt":"2024-11-19T08:21:36","guid":{"rendered":"https:\/\/direzionemuseiroma.cultura.gov.it\/forme-e-colori-dallitalia-preromana-canosa-di-puglia\/"},"modified":"2026-02-11T06:55:26","modified_gmt":"2026-02-11T06:55:26","slug":"forme-e-colori-dallitalia-preromana-canosa-di-puglia","status":"publish","type":"post","link":"https:\/\/direzionemuseiroma.cultura.gov.it\/en\/forme-e-colori-dallitalia-preromana-canosa-di-puglia\/","title":{"rendered":"Forme e colori dall&#8217;Italia preromana. Canosa di Puglia"},"content":{"rendered":"<p>\u00c8 stata inaugurata ieri a Castel Sant\u2019Angelo a Roma, la mostra <strong>\u201cForme e colori dell\u2019Italia preromana. Canosa di Puglia\u201d<\/strong>, a cura di Massimo Osanna e Luca Mercuri, nell\u2019ambito del progetto <strong><em>Il racconto della bellezza<\/em><\/strong>, un <strong>programma di mostre e iniziative negli Istituti Italiani di Cultura all\u2019estero<\/strong>. Frutto di un <strong>accordo di cooperazione<\/strong> sottoscritto nel gennaio 2023 tra la <strong>Direzione generale Musei del Ministero della cultura<\/strong> e la <strong>Direzione generale per la Diplomazia Pubblica e Culturale del Ministero degli Affari Esteri e della Cooperazione Internazionale<\/strong>, il programma ha come obiettivo la valorizzazione e la promozione all\u2019estero del <strong>patrimonio culturale<\/strong> italiano, conservato nei <strong>depositi<\/strong> dei <strong>musei<\/strong> e dei parchi archeologici statali.<\/p>\n<p>La mostra \u00e8 stata <strong>inaugurata a luglio 2023<\/strong> <strong>alla presenza del Presidente della Repubblica Mattarella<\/strong> nell\u2019Istituto Italiano di Cultura di <strong>Santiago del Cile<\/strong>, \u00e8 stata poi esposta negli Istituti Italiani di <strong>Buenos Aires<\/strong> in Argentina, di <strong>San Paolo<\/strong> in Brasile, per poi giungere al Museo Nacional de Antropolog\u00eca di <strong>Citt\u00e0 del Messico<\/strong>, il racconto prosegue a <strong>Castel Sant\u2019Angelo<\/strong>, uno dei musei pi\u00f9 famosi e visitati d\u2019Italia, per confermare l\u2019importanza e la rilevanza culturale di questo progetto. <strong>Dal 19 novembre 2024 al 16 febbraio 2025<\/strong> \u00e8 ospitata nelle Salette Pio IV accessibili dal Giretto Breve, aperte al pubblico per l\u2019occasione.<\/p>\n<p>All\u2019inaugurazione sono intervenuti il Presidente della VII Commissione (Cultura, Scienze e Istruzione) alla Camera dei Deputati, on. Federico Mollicone, il Direttore Generale Musei MiC e curatore della mostra, prof. Massimo Osanna, il Vice Direttore Generale per la diplomazia pubblica e culturale MAECI e Direttore centrale per la promozione della lingua e della cultura italiana all\u2019estero, dott. Filippo La Rosa, il Direttore delegato di Castel Sant\u2019Angelo e curatore della mostra, dott. Luca Mercuri, la Direttrice del Museo Archeologico Nazionale di Taranto, dott.ssa Stella Falzone e il sindaco di Canosa di Puglia, Vito Malcangio. Hanno inoltre partecipato l\u2019arch. Francesco Longobardi, Direttore delegato del Castello Svevo di Bari \u2013 Direzione regionale Musei nazionali Puglia, l\u2019arch. Anita Guarnieri Soprintendente Archeologia Belle Arti e Paesaggio per le province di Foggia e Barletta-Andria-Trani, la dott.ssa Francesca Romana Paolillo, Soprintendente nazionale per il Patrimonio Subacqueo e Sergio Fontana, Presidente della Fondazione Archeologica Canosina.<\/p>\n<p>L\u2019esposizione illustra un <strong>momento significativo della storia dell\u2019Italia antica<\/strong>, <strong>precedente all\u2019unificazione portata a termine da Roma<\/strong> e si concentra sui <strong>Dauni<\/strong>, una popolazione che abitava l\u2019area settentrionale dell\u2019attuale Puglia e parte della Basilicata, mettendo al centro dell\u2019attenzione un popolo dell\u2019Italia preromana e un\u2019epoca della storia del nostro Paese meno nota.<\/p>\n<p>I reperti esposti \u2013 armature, ceramiche, gioielli e ornamenti \u2013 raccontano Canosa, uno dei centri pi\u00f9 importanti dell\u2019area dove, tra il IV e il II secolo a.C., i cosiddetti <strong>Principi<\/strong>, <strong>personalit\u00e0 di spicco dell\u2019\u00e9lite locale<\/strong>, furono sepolti in ipogei (tombe a camera familiari, scavate nel tufo locale) con un ricco corredo funerario che esibiva lo status sociale del defunto alla comunit\u00e0. Tra tutti spiccano i <strong>vasi policromi<\/strong> e <strong>plastici<\/strong> \u2013 dal peculiare colore rosa intenso \u2013 arricchiti da figurine applicate, che rappresentano una produzione originale delle botteghe canosine dell\u2019epoca, ma anche due oggetti straordinari come il <strong>diadema in oro e pietre preziose<\/strong>, decorato da fiori, bacche e foglie mobili, e uno <strong>scettro in lamina aurea<\/strong>, custoditi nel Museo Archeologico Nazionale di Taranto, appartenuti in origine a una donna canosina, sicuramente di rango regale.<\/p>\n<p>I materiali esposti provengono dai depositi e dalle collezioni di alcuni dei principali musei della Puglia, il Museo Archeologico Nazionale di Canosa di Puglia, il Museo Archeologico Nazionale di Taranto, il Museo Archeologico di Santa Scolastica di Bari, nonch\u00e9 della Soprintendenza Archeologia, Belle Arti e Paesaggio per le province di Barletta-Andria-Trani e Foggia e della Soprintendenza Nazionale per il patrimonio culturale subacqueo. In mostra sono presenti anche reperti recuperati durante le operazioni di contrasto al commercio clandestino di beni culturali condotte dal Comando Carabinieri del Nucleo Tutela del Patrimonio Culturale.<\/p>\n<p>Il prof. Osanna, Direttore generale Musei dichiara: \u201c<em>la mostra racconta la storia di un\u2019Italia ancora poco nota al grande pubblico, che parla di incontri, contaminazioni e dialoghi tra culture diverse. Questi temi, che animavano il Mediterraneo antico, continuano a essere di straordinaria attualit\u00e0, ricordando l\u2019importanza del confronto e dell\u2019apertura verso l\u2019altro per costruire una societ\u00e0 pi\u00f9 consapevole e inclusiva<\/em>\u201d.<\/p>\n<p><em>\u201c<\/em><em>Questo progetto costituisce un esempio virtuoso di diplomazia culturale e di come il racconto del nostro patrimonio unito alla promozione dei territori che hanno prodotto e oggi conservano questa ricchezza, sia uno dei nostri maggiori asset, capace di rafforzare la nostra influenza sui principali tavoli geopolitici globali\u201d<\/em> afferma Filippo La Rosa, Vice Direttore Generale per la diplomazia pubblica e culturale MAECI e Direttore centrale per la promozione della lingua e della cultura italiana all\u2019estero.<\/p>\n<p>Vito Malcangio, Sindaco di Canosa di Puglia evidenzia come <em>\u201clo straordinario patrimonio archeologico di cui Canosa dispone continua a far parlare di s\u00e9, sia in Italia che nel mondo. Questo evento inorgoglisce la mia comunit\u00e0 che con gioia \u00e8 sempre pi\u00f9 consapevole che la strada intrapresa per far conoscere le nostre ricchezze storico-culturali, sia quella giusta\u201d.<\/em><\/p>\n<p><strong><a href=\"https:\/\/direzionemuseiroma.cultura.gov.it\/wp-content\/uploads\/2024\/11\/CS_FORME-E-COLORI-DALLITALIA-PREROMANA.-CANOSA-DI-PUGLIA.pdf\" target=\"_blank\" rel=\"noopener\">Comunicato stampa<\/a><\/strong><\/p>\n<p><strong>LA MOSTRA E&#8217; STATA PROROGATA FINO AL 16 FEBBRAIO 2025<\/strong><\/p>\n<style>\/*! elementor - v3.15.0 - 09-08-2023 *\/<br \/>\n.elementor-widget-image{text-align:center}.elementor-widget-image a{display:inline-block}.elementor-widget-image a img[src$=\".svg\"]{width:48px}.elementor-widget-image img{vertical-align:middle;display:inline-block}<\/style>\n<p>\t\t\t\t\t\t\t\t\t\t\t\t<img decoding=\"async\" width=\"800\" height=\"450\" src=\"https:\/\/direzionemuseiroma.cultura.gov.it\/wp-content\/uploads\/2024\/11\/CSA_mostra-Canosa-1024x576.jpg\" alt=\"\" loading=\"lazy\" srcset=\"https:\/\/direzionemuseiroma.cultura.gov.it\/wp-content\/uploads\/2024\/11\/CSA_mostra-Canosa-1024x576.jpg 1024w, https:\/\/direzionemuseiroma.cultura.gov.it\/wp-content\/uploads\/2024\/11\/CSA_mostra-Canosa-300x169.jpg 300w, https:\/\/direzionemuseiroma.cultura.gov.it\/wp-content\/uploads\/2024\/11\/CSA_mostra-Canosa-768x432.jpg 768w, https:\/\/direzionemuseiroma.cultura.gov.it\/wp-content\/uploads\/2024\/11\/CSA_mostra-Canosa-1536x864.jpg 1536w, https:\/\/direzionemuseiroma.cultura.gov.it\/wp-content\/uploads\/2024\/11\/CSA_mostra-Canosa-2048x1152.jpg 2048w\" sizes=\"(max-width: 800px) 100vw, 800px\" \/><\/p>\n<style>\/*! elementor-pro - v3.15.0 - 09-08-2023 *\/<br \/>\n.elementor-gallery__container{min-height:1px}.elementor-gallery-item{position:relative;overflow:hidden;display:block;text-decoration:none;border:solid var(--image-border-width) var(--image-border-color);border-radius:var(--image-border-radius)}.elementor-gallery-item__content,.elementor-gallery-item__overlay{height:100%;width:100%;position:absolute;top:0;left:0}.elementor-gallery-item__overlay{mix-blend-mode:var(--overlay-mix-blend-mode);transition-duration:var(--overlay-transition-duration);transition-property:mix-blend-mode,transform,opacity,background-color}.elementor-gallery-item__image.e-gallery-image{transition-duration:var(--image-transition-duration);transition-property:filter,transform}.elementor-gallery-item__content{display:flex;flex-direction:column;justify-content:var(--content-justify-content,center);align-items:center;text-align:var(--content-text-align);padding:var(--content-padding)}.elementor-gallery-item__content>div{transition-duration:var(--content-transition-duration)}.elementor-gallery-item__content.elementor-gallery--sequenced-animation>div:nth-child(2){transition-delay:calc(var(--content-transition-delay) \/ 3)}.elementor-gallery-item__content.elementor-gallery--sequenced-animation>div:nth-child(3){transition-delay:calc(var(--content-transition-delay) \/ 3 * 2)}.elementor-gallery-item__content.elementor-gallery--sequenced-animation>div:nth-child(4){transition-delay:calc(var(--content-transition-delay) \/ 3 * 3)}.elementor-gallery-item__description{color:var(--description-text-color,#fff);width:100%}.elementor-gallery-item__title{color:var(--title-text-color,#fff);font-weight:700;width:100%}.elementor-gallery__titles-container{display:flex;flex-wrap:wrap;justify-content:var(--titles-container-justify-content,center);margin-bottom:20px}.elementor-gallery__titles-container:not(.e--pointer-framed) .elementor-item:after,.elementor-gallery__titles-container:not(.e--pointer-framed) .elementor-item:before{background-color:var(--galleries-pointer-bg-color-hover)}.elementor-gallery__titles-container:not(.e--pointer-framed) .elementor-item.elementor-item-active:after,.elementor-gallery__titles-container:not(.e--pointer-framed) .elementor-item.elementor-item-active:before{background-color:var(--galleries-pointer-bg-color-active)}.elementor-gallery__titles-container.e--pointer-framed .elementor-item:before{border-color:var(--galleries-pointer-bg-color-hover);border-width:var(--galleries-pointer-border-width)}.elementor-gallery__titles-container.e--pointer-framed .elementor-item:after{border-color:var(--galleries-pointer-bg-color-hover)}.elementor-gallery__titles-container.e--pointer-framed .elementor-item.elementor-item-active:after,.elementor-gallery__titles-container.e--pointer-framed .elementor-item.elementor-item-active:before{border-color:var(--galleries-pointer-bg-color-active)}.elementor-gallery__titles-container.e--pointer-framed.e--animation-draw .elementor-item:before{border-left-width:var(--galleries-pointer-border-width);border-bottom-width:var(--galleries-pointer-border-width);border-right-width:0;border-top-width:0}.elementor-gallery__titles-container.e--pointer-framed.e--animation-draw .elementor-item:after{border-left-width:0;border-bottom-width:0;border-right-width:var(--galleries-pointer-border-width);border-top-width:var(--galleries-pointer-border-width)}.elementor-gallery__titles-container.e--pointer-framed.e--animation-corners .elementor-item:before{border-left-width:var(--galleries-pointer-border-width);border-bottom-width:0;border-right-width:0;border-top-width:var(--galleries-pointer-border-width)}.elementor-gallery__titles-container.e--pointer-framed.e--animation-corners .elementor-item:after{border-left-width:0;border-bottom-width:var(--galleries-pointer-border-width);border-right-width:var(--galleries-pointer-border-width);border-top-width:0}.elementor-gallery__titles-container .e--pointer-double-line .elementor-item:after,.elementor-gallery__titles-container .e--pointer-double-line .elementor-item:before,.elementor-gallery__titles-container .e--pointer-overline .elementor-item:before,.elementor-gallery__titles-container .e--pointer-underline .elementor-item:after{height:var(--galleries-pointer-border-width)}.elementor-gallery-title{--space-between:10px;cursor:pointer;color:#6d7882;font-weight:500;position:relative;padding:7px 14px;transition:all .3s}.elementor-gallery-title--active{color:#495157}.elementor-gallery-title:not(:last-child){margin-right:var(--space-between)}.elementor-gallery-item__title+.elementor-gallery-item__description{margin-top:var(--description-margin-top)}.e-gallery-item.elementor-gallery-item{transition-property:all}.e-gallery-item.elementor-animated-content .elementor-animated-item--enter-from-bottom,.e-gallery-item.elementor-animated-content .elementor-animated-item--enter-from-left,.e-gallery-item.elementor-animated-content .elementor-animated-item--enter-from-right,.e-gallery-item.elementor-animated-content .elementor-animated-item--enter-from-top,.e-gallery-item:focus .elementor-gallery__item-overlay-bg,.e-gallery-item:focus .elementor-gallery__item-overlay-content,.e-gallery-item:focus .elementor-gallery__item-overlay-content__description,.e-gallery-item:focus .elementor-gallery__item-overlay-content__title,.e-gallery-item:hover .elementor-gallery__item-overlay-bg,.e-gallery-item:hover .elementor-gallery__item-overlay-content,.e-gallery-item:hover .elementor-gallery__item-overlay-content__description,.e-gallery-item:hover .elementor-gallery__item-overlay-content__title{opacity:1}a.elementor-item.elementor-gallery-title{color:var(--galleries-title-color-normal)}a.elementor-item.elementor-gallery-title.elementor-item-active,a.elementor-item.elementor-gallery-title.highlighted,a.elementor-item.elementor-gallery-title:focus,a.elementor-item.elementor-gallery-title:hover{color:var(--galleries-title-color-hover)}a.elementor-item.elementor-gallery-title.elementor-item-active{color:var(--gallery-title-color-active)}.e-con-inner>.elementor-widget-gallery,.e-con>.elementor-widget-gallery{width:var(--container-widget-width);--flex-grow:var(--container-widget-flex-grow)}<\/style>\n<p>\t\t\t\t\t\t\t<a href=\"https:\/\/direzionemuseiroma.cultura.gov.it\/wp-content\/uploads\/2024\/11\/1000104342-scaled.jpg\" data-elementor-open-lightbox=\"yes\" data-elementor-lightbox-slideshow=\"7e70295\" data-e-action-hash=\"#elementor-action%3Aaction%3Dlightbox%26settings%3DeyJpZCI6MjAxMzAsInVybCI6Imh0dHBzOlwvXC9kaXJlemlvbmVtdXNlaXJvbWEuY3VsdHVyYS5nb3YuaXRcL3dwLWNvbnRlbnRcL3VwbG9hZHNcLzIwMjRcLzExXC8xMDAwMTA0MzQyLXNjYWxlZC5qcGciLCJzbGlkZXNob3ciOiI3ZTcwMjk1In0%3D\"><br \/>\n<\/a><br \/>\n<a href=\"https:\/\/direzionemuseiroma.cultura.gov.it\/wp-content\/uploads\/2024\/11\/DSC7237-scaled.jpg\" data-elementor-open-lightbox=\"yes\" data-elementor-lightbox-slideshow=\"7e70295\" data-e-action-hash=\"#elementor-action%3Aaction%3Dlightbox%26settings%3DeyJpZCI6MjAxMzQsInVybCI6Imh0dHBzOlwvXC9kaXJlemlvbmVtdXNlaXJvbWEuY3VsdHVyYS5nb3YuaXRcL3dwLWNvbnRlbnRcL3VwbG9hZHNcLzIwMjRcLzExXC9EU0M3MjM3LXNjYWxlZC5qcGciLCJzbGlkZXNob3ciOiI3ZTcwMjk1In0%3D\"><br \/>\n<\/a><br \/>\n<a href=\"https:\/\/direzionemuseiroma.cultura.gov.it\/wp-content\/uploads\/2024\/12\/Osanna-scaled.jpg\" data-elementor-open-lightbox=\"yes\" data-elementor-lightbox-slideshow=\"7e70295\" data-e-action-hash=\"#elementor-action%3Aaction%3Dlightbox%26settings%3DeyJpZCI6MjA2MjksInVybCI6Imh0dHBzOlwvXC9kaXJlemlvbmVtdXNlaXJvbWEuY3VsdHVyYS5nb3YuaXRcL3dwLWNvbnRlbnRcL3VwbG9hZHNcLzIwMjRcLzEyXC9Pc2FubmEtc2NhbGVkLmpwZyIsInNsaWRlc2hvdyI6IjdlNzAyOTUifQ%3D%3D\"><br \/>\n<\/a><br \/>\n<a href=\"https:\/\/direzionemuseiroma.cultura.gov.it\/wp-content\/uploads\/2024\/11\/DSC7200-scaled.jpg\" data-elementor-open-lightbox=\"yes\" data-elementor-lightbox-slideshow=\"7e70295\" data-e-action-hash=\"#elementor-action%3Aaction%3Dlightbox%26settings%3DeyJpZCI6MjAxNDAsInVybCI6Imh0dHBzOlwvXC9kaXJlemlvbmVtdXNlaXJvbWEuY3VsdHVyYS5nb3YuaXRcL3dwLWNvbnRlbnRcL3VwbG9hZHNcLzIwMjRcLzExXC9EU0M3MjAwLXNjYWxlZC5qcGciLCJzbGlkZXNob3ciOiI3ZTcwMjk1In0%3D\"><br \/>\n<\/a><br \/>\n<a href=\"https:\/\/direzionemuseiroma.cultura.gov.it\/wp-content\/uploads\/2024\/11\/DSC7180-scaled.jpg\" data-elementor-open-lightbox=\"yes\" data-elementor-lightbox-slideshow=\"7e70295\" data-e-action-hash=\"#elementor-action%3Aaction%3Dlightbox%26settings%3DeyJpZCI6MjAxMjgsInVybCI6Imh0dHBzOlwvXC9kaXJlemlvbmVtdXNlaXJvbWEuY3VsdHVyYS5nb3YuaXRcL3dwLWNvbnRlbnRcL3VwbG9hZHNcLzIwMjRcLzExXC9EU0M3MTgwLXNjYWxlZC5qcGciLCJzbGlkZXNob3ciOiI3ZTcwMjk1In0%3D\"><br \/>\n<\/a><br \/>\n<a href=\"https:\/\/direzionemuseiroma.cultura.gov.it\/wp-content\/uploads\/2024\/11\/DSC7213-scaled.jpg\" data-elementor-open-lightbox=\"yes\" data-elementor-lightbox-slideshow=\"7e70295\" data-e-action-hash=\"#elementor-action%3Aaction%3Dlightbox%26settings%3DeyJpZCI6MjAxMzgsInVybCI6Imh0dHBzOlwvXC9kaXJlemlvbmVtdXNlaXJvbWEuY3VsdHVyYS5nb3YuaXRcL3dwLWNvbnRlbnRcL3VwbG9hZHNcLzIwMjRcLzExXC9EU0M3MjEzLXNjYWxlZC5qcGciLCJzbGlkZXNob3ciOiI3ZTcwMjk1In0%3D\"><br \/>\n<\/a><br \/>\n<a href=\"https:\/\/direzionemuseiroma.cultura.gov.it\/wp-content\/uploads\/2024\/11\/DSC7224-scaled.jpg\" data-elementor-open-lightbox=\"yes\" data-elementor-lightbox-slideshow=\"7e70295\" data-e-action-hash=\"#elementor-action%3Aaction%3Dlightbox%26settings%3DeyJpZCI6MjAxMzYsInVybCI6Imh0dHBzOlwvXC9kaXJlemlvbmVtdXNlaXJvbWEuY3VsdHVyYS5nb3YuaXRcL3dwLWNvbnRlbnRcL3VwbG9hZHNcLzIwMjRcLzExXC9EU0M3MjI0LXNjYWxlZC5qcGciLCJzbGlkZXNob3ciOiI3ZTcwMjk1In0%3D\"><br \/>\n<\/a><br \/>\n<a href=\"https:\/\/direzionemuseiroma.cultura.gov.it\/wp-content\/uploads\/2024\/11\/DSC7088-1-scaled.jpg\" data-elementor-open-lightbox=\"yes\" data-elementor-lightbox-slideshow=\"7e70295\" data-e-action-hash=\"#elementor-action%3Aaction%3Dlightbox%26settings%3DeyJpZCI6MjAxNTQsInVybCI6Imh0dHBzOlwvXC9kaXJlemlvbmVtdXNlaXJvbWEuY3VsdHVyYS5nb3YuaXRcL3dwLWNvbnRlbnRcL3VwbG9hZHNcLzIwMjRcLzExXC9EU0M3MDg4LTEtc2NhbGVkLmpwZyIsInNsaWRlc2hvdyI6IjdlNzAyOTUifQ%3D%3D\"><br \/>\n<\/a><br \/>\n<a href=\"https:\/\/direzionemuseiroma.cultura.gov.it\/wp-content\/uploads\/2024\/11\/DSC7245-scaled.jpg\" data-elementor-open-lightbox=\"yes\" data-elementor-lightbox-slideshow=\"7e70295\" data-e-action-hash=\"#elementor-action%3Aaction%3Dlightbox%26settings%3DeyJpZCI6MjAxMzIsInVybCI6Imh0dHBzOlwvXC9kaXJlemlvbmVtdXNlaXJvbWEuY3VsdHVyYS5nb3YuaXRcL3dwLWNvbnRlbnRcL3VwbG9hZHNcLzIwMjRcLzExXC9EU0M3MjQ1LXNjYWxlZC5qcGciLCJzbGlkZXNob3ciOiI3ZTcwMjk1In0%3D\"><br \/>\n<\/a><br \/>\n<a href=\"https:\/\/direzionemuseiroma.cultura.gov.it\/wp-content\/uploads\/2024\/11\/DSC7115-1-scaled.jpg\" data-elementor-open-lightbox=\"yes\" data-elementor-lightbox-slideshow=\"7e70295\" data-e-action-hash=\"#elementor-action%3Aaction%3Dlightbox%26settings%3DeyJpZCI6MjAxNDgsInVybCI6Imh0dHBzOlwvXC9kaXJlemlvbmVtdXNlaXJvbWEuY3VsdHVyYS5nb3YuaXRcL3dwLWNvbnRlbnRcL3VwbG9hZHNcLzIwMjRcLzExXC9EU0M3MTE1LTEtc2NhbGVkLmpwZyIsInNsaWRlc2hvdyI6IjdlNzAyOTUifQ%3D%3D\"><br \/>\n<\/a><br \/>\n<a href=\"https:\/\/direzionemuseiroma.cultura.gov.it\/wp-content\/uploads\/2024\/11\/DSC7095-1-scaled.jpg\" data-elementor-open-lightbox=\"yes\" data-elementor-lightbox-slideshow=\"7e70295\" data-e-action-hash=\"#elementor-action%3Aaction%3Dlightbox%26settings%3DeyJpZCI6MjAxNTIsInVybCI6Imh0dHBzOlwvXC9kaXJlemlvbmVtdXNlaXJvbWEuY3VsdHVyYS5nb3YuaXRcL3dwLWNvbnRlbnRcL3VwbG9hZHNcLzIwMjRcLzExXC9EU0M3MDk1LTEtc2NhbGVkLmpwZyIsInNsaWRlc2hvdyI6IjdlNzAyOTUifQ%3D%3D\"><br \/>\n<\/a><br \/>\n<a href=\"https:\/\/direzionemuseiroma.cultura.gov.it\/wp-content\/uploads\/2024\/11\/DSC7104-1-scaled.jpg\" data-elementor-open-lightbox=\"yes\" data-elementor-lightbox-slideshow=\"7e70295\" data-e-action-hash=\"#elementor-action%3Aaction%3Dlightbox%26settings%3DeyJpZCI6MjAxNTAsInVybCI6Imh0dHBzOlwvXC9kaXJlemlvbmVtdXNlaXJvbWEuY3VsdHVyYS5nb3YuaXRcL3dwLWNvbnRlbnRcL3VwbG9hZHNcLzIwMjRcLzExXC9EU0M3MTA0LTEtc2NhbGVkLmpwZyIsInNsaWRlc2hvdyI6IjdlNzAyOTUifQ%3D%3D\"><br \/>\n<\/a><br \/>\n<a href=\"https:\/\/direzionemuseiroma.cultura.gov.it\/wp-content\/uploads\/2024\/11\/DSC7126-1-scaled.jpg\" data-elementor-open-lightbox=\"yes\" data-elementor-lightbox-slideshow=\"7e70295\" data-e-action-hash=\"#elementor-action%3Aaction%3Dlightbox%26settings%3DeyJpZCI6MjAxNDQsInVybCI6Imh0dHBzOlwvXC9kaXJlemlvbmVtdXNlaXJvbWEuY3VsdHVyYS5nb3YuaXRcL3dwLWNvbnRlbnRcL3VwbG9hZHNcLzIwMjRcLzExXC9EU0M3MTI2LTEtc2NhbGVkLmpwZyIsInNsaWRlc2hvdyI6IjdlNzAyOTUifQ%3D%3D\"><br \/>\n<\/a><br \/>\n<a href=\"https:\/\/direzionemuseiroma.cultura.gov.it\/wp-content\/uploads\/2024\/11\/DSC7116-1-scaled.jpg\" data-elementor-open-lightbox=\"yes\" data-elementor-lightbox-slideshow=\"7e70295\" data-e-action-hash=\"#elementor-action%3Aaction%3Dlightbox%26settings%3DeyJpZCI6MjAxNDYsInVybCI6Imh0dHBzOlwvXC9kaXJlemlvbmVtdXNlaXJvbWEuY3VsdHVyYS5nb3YuaXRcL3dwLWNvbnRlbnRcL3VwbG9hZHNcLzIwMjRcLzExXC9EU0M3MTE2LTEtc2NhbGVkLmpwZyIsInNsaWRlc2hvdyI6IjdlNzAyOTUifQ%3D%3D\"><br \/>\n<\/a><\/p>\n<p>Crediti fotografici: Maximiliano Massaroni<\/p>\n","protected":false},"excerpt":{"rendered":"<p>\u00c8 stata inaugurata ieri a Castel Sant\u2019Angelo a Roma, la mostra \u201cForme e colori dell\u2019Italia preromana. Canosa di Puglia\u201d, a cura di Massimo Osanna e Luca Mercuri, nell\u2019ambito del progetto Il racconto della bellezza, un programma di mostre e iniziative negli Istituti Italiani di Cultura all\u2019estero. Frutto di un accordo di cooperazione sottoscritto nel gennaio 2023 tra la Direzione generale Musei del Ministero della cultura e la Direzione generale per la Diplomazia Pubblica e Culturale del Ministero degli Affari Esteri e della Cooperazione Internazionale, il programma ha come obiettivo la valorizzazione e la promozione all\u2019estero del patrimonio culturale italiano, conservato nei depositi dei musei e dei parchi archeologici statali. La mostra \u00e8 stata inaugurata a luglio 2023 alla presenza del Presidente della Repubblica Mattarella nell\u2019Istituto Italiano di Cultura di Santiago del Cile, \u00e8 stata poi esposta negli Istituti Italiani di Buenos Aires in Argentina, di San Paolo in Brasile, per poi giungere al Museo Nacional de Antropolog\u00eca di Citt\u00e0 del Messico, il racconto prosegue a Castel Sant\u2019Angelo, uno dei musei pi\u00f9 famosi e visitati d\u2019Italia, per confermare l\u2019importanza e la rilevanza culturale di questo progetto. Dal 19 novembre 2024 al 16 febbraio 2025 \u00e8 ospitata nelle Salette Pio IV accessibili dal Giretto Breve, aperte al pubblico per l\u2019occasione. All\u2019inaugurazione sono intervenuti il Presidente della VII Commissione (Cultura, Scienze e Istruzione) alla Camera dei Deputati, on. Federico Mollicone, il Direttore Generale Musei MiC e curatore della mostra, prof. Massimo Osanna, il Vice Direttore Generale per la diplomazia pubblica e culturale MAECI e Direttore centrale per la promozione della lingua e della cultura italiana all\u2019estero, dott. Filippo La Rosa, il Direttore delegato di Castel Sant\u2019Angelo e curatore della mostra, dott. Luca Mercuri, la Direttrice del Museo Archeologico Nazionale di Taranto, dott.ssa Stella Falzone e il sindaco di Canosa di Puglia, Vito Malcangio. Hanno inoltre partecipato l\u2019arch. Francesco Longobardi, Direttore delegato del Castello Svevo di Bari \u2013 Direzione regionale Musei nazionali Puglia, l\u2019arch. Anita Guarnieri Soprintendente Archeologia Belle Arti e Paesaggio per le province di Foggia e Barletta-Andria-Trani, la dott.ssa Francesca Romana Paolillo, Soprintendente nazionale per il Patrimonio Subacqueo e Sergio Fontana, Presidente della Fondazione Archeologica Canosina. L\u2019esposizione illustra un momento significativo della storia dell\u2019Italia antica, precedente all\u2019unificazione portata a termine da Roma e si concentra sui Dauni, una popolazione che abitava l\u2019area settentrionale dell\u2019attuale Puglia e parte della Basilicata, mettendo al centro dell\u2019attenzione un popolo dell\u2019Italia preromana e un\u2019epoca della storia del nostro Paese meno nota. I reperti esposti \u2013 armature, ceramiche, gioielli e ornamenti \u2013 raccontano Canosa, uno dei centri pi\u00f9 importanti dell\u2019area dove, tra il IV e il II secolo a.C., i cosiddetti Principi, personalit\u00e0 di spicco dell\u2019\u00e9lite locale, furono sepolti in ipogei (tombe a camera familiari, scavate nel tufo locale) con un ricco corredo funerario che esibiva lo status sociale del defunto alla comunit\u00e0. Tra tutti spiccano i vasi policromi e plastici \u2013 dal peculiare colore rosa intenso \u2013 arricchiti da figurine applicate, che rappresentano una produzione originale delle botteghe canosine dell\u2019epoca, ma anche due oggetti straordinari come il diadema in oro e pietre preziose, decorato da fiori, bacche e foglie mobili, e uno scettro in lamina aurea, custoditi nel Museo Archeologico Nazionale di Taranto, appartenuti in origine a una donna canosina, sicuramente di rango regale. I materiali esposti provengono dai depositi e dalle collezioni di alcuni dei principali musei della Puglia, il Museo Archeologico Nazionale di Canosa di Puglia, il Museo Archeologico Nazionale di Taranto, il Museo Archeologico di Santa Scolastica di Bari, nonch\u00e9 della Soprintendenza Archeologia, Belle Arti e Paesaggio per le province di Barletta-Andria-Trani e Foggia e della Soprintendenza Nazionale per il patrimonio culturale subacqueo. In mostra sono presenti anche reperti recuperati durante le operazioni di contrasto al commercio clandestino di beni culturali condotte dal Comando Carabinieri del Nucleo Tutela del Patrimonio Culturale. Il prof. Osanna, Direttore generale Musei dichiara: \u201cla mostra racconta la storia di un\u2019Italia ancora poco nota al grande pubblico, che parla di incontri, contaminazioni e dialoghi tra culture diverse. Questi temi, che animavano il Mediterraneo antico, continuano a essere di straordinaria attualit\u00e0, ricordando l\u2019importanza del confronto e dell\u2019apertura verso l\u2019altro per costruire una societ\u00e0 pi\u00f9 consapevole e inclusiva\u201d. \u201cQuesto progetto costituisce un esempio virtuoso di diplomazia culturale e di come il racconto del nostro patrimonio unito alla promozione dei territori che hanno prodotto e oggi conservano questa ricchezza, sia uno dei nostri maggiori asset, capace di rafforzare la nostra influenza sui principali tavoli geopolitici globali\u201d afferma Filippo La Rosa, Vice Direttore Generale per la diplomazia pubblica e culturale MAECI e Direttore centrale per la promozione della lingua e della cultura italiana all\u2019estero. Vito Malcangio, Sindaco di Canosa di Puglia evidenzia come \u201clo straordinario patrimonio archeologico di cui Canosa dispone continua a far parlare di s\u00e9, sia in Italia che nel mondo. Questo evento inorgoglisce la mia comunit\u00e0 che con gioia \u00e8 sempre pi\u00f9 consapevole che la strada intrapresa per far conoscere le nostre ricchezze storico-culturali, sia quella giusta\u201d. Comunicato stampa LA MOSTRA E&#8217; STATA PROROGATA FINO AL 16 FEBBRAIO 2025 Crediti fotografici: Maximiliano Massaroni<\/p>\n","protected":false},"author":8,"featured_media":20080,"comment_status":"open","ping_status":"open","sticky":false,"template":"","format":"standard","meta":{"om_disable_all_campaigns":false,"footnotes":""},"categories":[68,69,110],"tags":[],"pp_force_visibility":null,"pp_subpost_visibility":null,"pp_inherited_force_visibility":null,"pp_inherited_subpost_visibility":null,"aioseo_notices":[],"_links":{"self":[{"href":"https:\/\/direzionemuseiroma.cultura.gov.it\/en\/wp-json\/wp\/v2\/posts\/27473"}],"collection":[{"href":"https:\/\/direzionemuseiroma.cultura.gov.it\/en\/wp-json\/wp\/v2\/posts"}],"about":[{"href":"https:\/\/direzionemuseiroma.cultura.gov.it\/en\/wp-json\/wp\/v2\/types\/post"}],"author":[{"embeddable":true,"href":"https:\/\/direzionemuseiroma.cultura.gov.it\/en\/wp-json\/wp\/v2\/users\/8"}],"replies":[{"embeddable":true,"href":"https:\/\/direzionemuseiroma.cultura.gov.it\/en\/wp-json\/wp\/v2\/comments?post=27473"}],"version-history":[{"count":1,"href":"https:\/\/direzionemuseiroma.cultura.gov.it\/en\/wp-json\/wp\/v2\/posts\/27473\/revisions"}],"predecessor-version":[{"id":27474,"href":"https:\/\/direzionemuseiroma.cultura.gov.it\/en\/wp-json\/wp\/v2\/posts\/27473\/revisions\/27474"}],"wp:featuredmedia":[{"embeddable":true,"href":"https:\/\/direzionemuseiroma.cultura.gov.it\/en\/wp-json\/wp\/v2\/media\/20080"}],"wp:attachment":[{"href":"https:\/\/direzionemuseiroma.cultura.gov.it\/en\/wp-json\/wp\/v2\/media?parent=27473"}],"wp:term":[{"taxonomy":"category","embeddable":true,"href":"https:\/\/direzionemuseiroma.cultura.gov.it\/en\/wp-json\/wp\/v2\/categories?post=27473"},{"taxonomy":"post_tag","embeddable":true,"href":"https:\/\/direzionemuseiroma.cultura.gov.it\/en\/wp-json\/wp\/v2\/tags?post=27473"}],"curies":[{"name":"wp","href":"https:\/\/api.w.org\/{rel}","templated":true}]}}