{"id":27471,"date":"2024-11-20T13:01:46","date_gmt":"2024-11-20T13:01:46","guid":{"rendered":"https:\/\/direzionemuseiroma.cultura.gov.it\/presentazione-del-libro-dartista-lente-carezze\/"},"modified":"2026-02-11T06:55:01","modified_gmt":"2026-02-11T06:55:01","slug":"presentazione-del-libro-dartista-lente-carezze","status":"publish","type":"post","link":"https:\/\/direzionemuseiroma.cultura.gov.it\/en\/presentazione-del-libro-dartista-lente-carezze\/","title":{"rendered":"Presentazione del libro d&#8217;artista LENTE CAREZZE"},"content":{"rendered":"<p align=\"justify\">In occasione della Giornata internazionale per l&#8217;eliminazione della violenza contro le donne, la Casa Museo Hendrik Christian Andersen presenta al pubblico il libro d&#8217;artista\u00a0<b>LENTE CAREZZE<\/b>, a cura di <strong>Laura Anfuso<\/strong> e <strong>Lucia Sforza<\/strong>.<br \/>\nIl libro affronta con rispetto e delicatezza il tema del femminicidio e vuole essere uno spunto per soffermarsi sulla fragilit\u00e0 e sulla cura che essa esige.<br \/>\nLe parole di Laura Anfuso rimandano ad un forte senso di sorellanza, all\u2019urgenza di abbracciare la solitudine con la tenerezza che il dolore nasconde e diventano, nell\u2019interpretazione sensibile di Lucia Sforza, lacrime e ferite che \u00e8 impossibile ignorare.<\/p>\n<p align=\"justify\">La presentazione si terr\u00e0 <strong>luned\u00ec 25 novembre alle ore 16.30<\/strong> (ingresso fino a esaurimento posti).<\/p>\n<style>\/*! elementor - v3.15.0 - 09-08-2023 *\/<br \/>\n.elementor-widget-image{text-align:center}.elementor-widget-image a{display:inline-block}.elementor-widget-image a img[src$=\".svg\"]{width:48px}.elementor-widget-image img{vertical-align:middle;display:inline-block}<\/style>\n<p>\t\t\t\t\t\t\t\t\t\t\t\t<img decoding=\"async\" width=\"800\" height=\"572\" src=\"https:\/\/direzionemuseiroma.cultura.gov.it\/wp-content\/uploads\/2024\/11\/25-novembre-2024-1024x732.jpg\" alt=\"\" loading=\"lazy\" srcset=\"https:\/\/direzionemuseiroma.cultura.gov.it\/wp-content\/uploads\/2024\/11\/25-novembre-2024-1024x732.jpg 1024w, https:\/\/direzionemuseiroma.cultura.gov.it\/wp-content\/uploads\/2024\/11\/25-novembre-2024-300x214.jpg 300w, https:\/\/direzionemuseiroma.cultura.gov.it\/wp-content\/uploads\/2024\/11\/25-novembre-2024-768x549.jpg 768w, https:\/\/direzionemuseiroma.cultura.gov.it\/wp-content\/uploads\/2024\/11\/25-novembre-2024-1536x1097.jpg 1536w, https:\/\/direzionemuseiroma.cultura.gov.it\/wp-content\/uploads\/2024\/11\/25-novembre-2024.jpg 2000w\" sizes=\"(max-width: 800px) 100vw, 800px\" \/><\/p>\n","protected":false},"excerpt":{"rendered":"<p>In occasione della Giornata internazionale per l&#8217;eliminazione della violenza contro le donne, la Casa Museo Hendrik Christian Andersen presenta al pubblico il libro d&#8217;artista\u00a0LENTE CAREZZE, a cura di Laura Anfuso e Lucia Sforza. Il libro affronta con rispetto e delicatezza il tema del femminicidio e vuole essere uno spunto per soffermarsi sulla fragilit\u00e0 e sulla cura che essa esige. Le parole di Laura Anfuso rimandano ad un forte senso di sorellanza, all\u2019urgenza di abbracciare la solitudine con la tenerezza che il dolore nasconde e diventano, nell\u2019interpretazione sensibile di Lucia Sforza, lacrime e ferite che \u00e8 impossibile ignorare. La presentazione si terr\u00e0 luned\u00ec 25 novembre alle ore 16.30 (ingresso fino a esaurimento posti).<\/p>\n","protected":false},"author":8,"featured_media":20165,"comment_status":"open","ping_status":"open","sticky":false,"template":"","format":"standard","meta":{"om_disable_all_campaigns":false,"footnotes":""},"categories":[69,74],"tags":[],"pp_force_visibility":null,"pp_subpost_visibility":null,"pp_inherited_force_visibility":null,"pp_inherited_subpost_visibility":null,"aioseo_notices":[],"_links":{"self":[{"href":"https:\/\/direzionemuseiroma.cultura.gov.it\/en\/wp-json\/wp\/v2\/posts\/27471"}],"collection":[{"href":"https:\/\/direzionemuseiroma.cultura.gov.it\/en\/wp-json\/wp\/v2\/posts"}],"about":[{"href":"https:\/\/direzionemuseiroma.cultura.gov.it\/en\/wp-json\/wp\/v2\/types\/post"}],"author":[{"embeddable":true,"href":"https:\/\/direzionemuseiroma.cultura.gov.it\/en\/wp-json\/wp\/v2\/users\/8"}],"replies":[{"embeddable":true,"href":"https:\/\/direzionemuseiroma.cultura.gov.it\/en\/wp-json\/wp\/v2\/comments?post=27471"}],"version-history":[{"count":1,"href":"https:\/\/direzionemuseiroma.cultura.gov.it\/en\/wp-json\/wp\/v2\/posts\/27471\/revisions"}],"predecessor-version":[{"id":27472,"href":"https:\/\/direzionemuseiroma.cultura.gov.it\/en\/wp-json\/wp\/v2\/posts\/27471\/revisions\/27472"}],"wp:featuredmedia":[{"embeddable":true,"href":"https:\/\/direzionemuseiroma.cultura.gov.it\/en\/wp-json\/wp\/v2\/media\/20165"}],"wp:attachment":[{"href":"https:\/\/direzionemuseiroma.cultura.gov.it\/en\/wp-json\/wp\/v2\/media?parent=27471"}],"wp:term":[{"taxonomy":"category","embeddable":true,"href":"https:\/\/direzionemuseiroma.cultura.gov.it\/en\/wp-json\/wp\/v2\/categories?post=27471"},{"taxonomy":"post_tag","embeddable":true,"href":"https:\/\/direzionemuseiroma.cultura.gov.it\/en\/wp-json\/wp\/v2\/tags?post=27471"}],"curies":[{"name":"wp","href":"https:\/\/api.w.org\/{rel}","templated":true}]}}