{"id":27395,"date":"2025-02-20T14:22:56","date_gmt":"2025-02-20T14:22:56","guid":{"rendered":"https:\/\/direzionemuseiroma.cultura.gov.it\/larte-dei-papi-da-perugino-a-barocci-mostra-a-castel-santangelo\/"},"modified":"2026-02-11T06:37:10","modified_gmt":"2026-02-11T06:37:10","slug":"larte-dei-papi-da-perugino-a-barocci-mostra-a-castel-santangelo","status":"publish","type":"post","link":"https:\/\/direzionemuseiroma.cultura.gov.it\/en\/larte-dei-papi-da-perugino-a-barocci-mostra-a-castel-santangelo\/","title":{"rendered":"L&#8217;Arte dei Papi. Da Perugino a Barocci &#8211; mostra a Castel Sant&#8217;Angelo"},"content":{"rendered":"<p><strong>Roma, Castel Sant\u2019Angelo<\/strong><br \/>\n<strong>6 marzo \u2013 31 agosto 2025<\/strong><\/p>\n<p><strong>\u00a0<\/strong><\/p>\n<p><strong><em>Una mostra immaginata come esperienza dell\u2019anima. La migliore pittura italiana declina i temi essenziali del Vangelo: l\u2019infanzia, il perdono, il volto della Madre, la lezione della povert\u00e0, la speranza dell\u2019amato innamorato, la sapienza dei santi e la fedelt\u00e0 della Chiesa. \u00c8 una mostra che vuole oltrepassare i confini della storia dell\u2019arte, offrendo un viaggio spirituale attorno alla bellezza come riscoperta del senso della vita<\/em><\/strong><\/p>\n<p><strong>\u00a0<\/strong><\/p>\n<p><strong><em>L\u2019ARTE DEI PAPI. Da Perugino a Barocci<\/em><\/strong><em>,<\/em> ideata dal Centro Europeo per il Turismo e la Cultura, presieduto da Giuseppe Lepore, organizzata in collaborazione con Castel Sant\u2019Angelo, diretto da Massimo Osanna, e con il patrocinio del Dicastero per l\u2019Evangelizzazione Giubileo 2025 presieduto dall\u2019Arcivescovo Rino Fisichella, \u00e8 la mostra che Castel Sant\u2019Angelo offre al pubblico dal 6 marzo al 31 agosto, in occasione dell\u2019anno giubilare 2025.<\/p>\n<p>L\u2019esposizione vuole essere il racconto di una citt\u00e0 che sogna d\u2019essere santa. I grandi artisti e l\u2019impegno dei Papi hanno reso Roma non solo il patrimonio dallo splendore incomparabile ma anche quell\u2019idea di citt\u00e0 costruita sul desiderio cristiano di esaltare la bellezza, la memoria, la civilt\u00e0 della tradizione, la dignit\u00e0 e l\u2019ideale universalistico di un uomo riscattato dal dolore. La mostra \u00e8 soprattutto un\u2019esperienza tematica. Fuori dal rigore cronologico, declina i temi evangelici: l\u2019infanzia, la maternit\u00e0, la gioia e la sofferenza, la resurrezione, la misericordia, la speranza.<\/p>\n<p><em>L\u2019ARTE DEI PAPI <\/em>narra, opera dopo opera, i sogni e le aspirazioni dell\u2019essere umano nel riconoscere in s\u00e9 un \u201cseme divino\u201d. La <em>Madonna con il Bambino, San Giuseppe e San Pietro Martire<\/em> di Andrea del Sarto indica la gioia dell\u2019esser famiglia, cos\u00ec come lo manifesta l\u2019esaltazione pittorica dell\u2019opera di Giovanni Gerolamo Savoldo <em>l\u2019Adorazione del Bambino con San Girolamo e San Francesco<\/em>. Per il visitatore, il racconto vuole essere un\u2019esperienza vissuta, quel momento di raccoglimento e di serenit\u00e0 che solo l\u2019arte, nel suo stupendo stupore, sa offrire. Capitoli dell\u2019esposizione sono affidati all\u2019<em>Adorazione dei pastori <\/em>di Luigi Crespi, all\u2019<em>Annunziata<\/em> di Carlo Maratti e, al contempo, ai sogni del Perugino, di Annibale Carracci, Pietro da Cortona, del Cavalier d\u2019Arpino, di Pompeo Batoni, Giovanni Battista Salvi detto il Sassoferrato, Anton Raphael Mengs, Battistello Caracciolo o delle nubi rosate di Federico Barocci. Le incursioni storiche sono molteplici; molti i ritratti dei papi; singolari le esplorazioni dell\u2019arte contemporanea dedicata al sacro, come l\u2019opera di Bruno Ceccobelli, Giuseppe Salvatori, Luigi Stoisa e di Giorgio Di Giorgio.<\/p>\n<p>Un punto di forza istituzionale \u00e8 il fatto che abbiano collaborato molti istituti nazionali del Ministero della Cultura, quali le Gallerie Nazionali di Arte Antica-Palazzo Barberini e Galleria Corsini, la Galleria Nazionale dell\u2019Umbria, la Galleria Nazionale delle Marche e i Musei Reali di Torino-Galleria Sabauda, oltre all\u2019Accademia Nazionale di San Luca e ad alcune istituzioni comunali quali il Museo della Citt\u00e0 civico diocesano di Acquapendente. Del patrimonio di quei soggetti prestatori sono stati privilegiati i depositi e le opere rare di grandi artisti ma non solo, nell\u2019idea che un punto di forza della mostra sia anche la \u201crestituzione\u201d al visitatore di un mondo artistico tanto vasto quanto, per alcuni aspetti, poco conosciuto. Aspetto sostenuto dal dott. Mario Turetta, Capo Dipartimento per le attivit\u00e0 culturali del MiC, per il quale <em>non c\u2019\u00e8 recupero che non sia valorizzazione di un immaginario culturale storico che esiste e che tuttavia \u00e8 ancora da ridisegnare, facendolo emergere dai depositi<\/em>.<\/p>\n<p>La mostra \u00e8 curata da Arnaldo Colasanti, in collaborazione con Annamaria Bava.<\/p>\n<p><a href=\"https:\/\/direzionemuseiroma.cultura.gov.it\/wp-content\/uploads\/2025\/02\/Comunicato-Stampa-LARTE-DEI-PAPI.pdf\" target=\"_blank\" rel=\"noopener\"><strong>Comunicato stampa<\/strong><\/a><\/p>\n<style>\/*! elementor - v3.15.0 - 09-08-2023 *\/<br \/>\n.elementor-widget-image{text-align:center}.elementor-widget-image a{display:inline-block}.elementor-widget-image a img[src$=\".svg\"]{width:48px}.elementor-widget-image img{vertical-align:middle;display:inline-block}<\/style>\n<p>\t\t\t\t\t\t\t\t\t\t\t\t<img decoding=\"async\" width=\"800\" height=\"595\" src=\"https:\/\/direzionemuseiroma.cultura.gov.it\/wp-content\/uploads\/2025\/02\/Carlo-Sapelli-Il-Tributo-inv.-804-Musei-Reali-Galleria-Sabauda-Torino-1-1024x761.jpg\" alt=\"\" loading=\"lazy\" srcset=\"https:\/\/direzionemuseiroma.cultura.gov.it\/wp-content\/uploads\/2025\/02\/Carlo-Sapelli-Il-Tributo-inv.-804-Musei-Reali-Galleria-Sabauda-Torino-1-1024x761.jpg 1024w, https:\/\/direzionemuseiroma.cultura.gov.it\/wp-content\/uploads\/2025\/02\/Carlo-Sapelli-Il-Tributo-inv.-804-Musei-Reali-Galleria-Sabauda-Torino-1-300x223.jpg 300w, https:\/\/direzionemuseiroma.cultura.gov.it\/wp-content\/uploads\/2025\/02\/Carlo-Sapelli-Il-Tributo-inv.-804-Musei-Reali-Galleria-Sabauda-Torino-1-768x571.jpg 768w, https:\/\/direzionemuseiroma.cultura.gov.it\/wp-content\/uploads\/2025\/02\/Carlo-Sapelli-Il-Tributo-inv.-804-Musei-Reali-Galleria-Sabauda-Torino-1-1536x1141.jpg 1536w, https:\/\/direzionemuseiroma.cultura.gov.it\/wp-content\/uploads\/2025\/02\/Carlo-Sapelli-Il-Tributo-inv.-804-Musei-Reali-Galleria-Sabauda-Torino-1.jpg 1583w\" sizes=\"(max-width: 800px) 100vw, 800px\" \/><\/p>\n<p>Carlo Sapelli, Il Tributo, inv. 804, Musei Reali &#8211; Galleria Sabauda, Torino<\/p>\n<style>\/*! elementor-pro - v3.15.0 - 09-08-2023 *\/<br \/>\n.elementor-gallery__container{min-height:1px}.elementor-gallery-item{position:relative;overflow:hidden;display:block;text-decoration:none;border:solid var(--image-border-width) var(--image-border-color);border-radius:var(--image-border-radius)}.elementor-gallery-item__content,.elementor-gallery-item__overlay{height:100%;width:100%;position:absolute;top:0;left:0}.elementor-gallery-item__overlay{mix-blend-mode:var(--overlay-mix-blend-mode);transition-duration:var(--overlay-transition-duration);transition-property:mix-blend-mode,transform,opacity,background-color}.elementor-gallery-item__image.e-gallery-image{transition-duration:var(--image-transition-duration);transition-property:filter,transform}.elementor-gallery-item__content{display:flex;flex-direction:column;justify-content:var(--content-justify-content,center);align-items:center;text-align:var(--content-text-align);padding:var(--content-padding)}.elementor-gallery-item__content>div{transition-duration:var(--content-transition-duration)}.elementor-gallery-item__content.elementor-gallery--sequenced-animation>div:nth-child(2){transition-delay:calc(var(--content-transition-delay) \/ 3)}.elementor-gallery-item__content.elementor-gallery--sequenced-animation>div:nth-child(3){transition-delay:calc(var(--content-transition-delay) \/ 3 * 2)}.elementor-gallery-item__content.elementor-gallery--sequenced-animation>div:nth-child(4){transition-delay:calc(var(--content-transition-delay) \/ 3 * 3)}.elementor-gallery-item__description{color:var(--description-text-color,#fff);width:100%}.elementor-gallery-item__title{color:var(--title-text-color,#fff);font-weight:700;width:100%}.elementor-gallery__titles-container{display:flex;flex-wrap:wrap;justify-content:var(--titles-container-justify-content,center);margin-bottom:20px}.elementor-gallery__titles-container:not(.e--pointer-framed) .elementor-item:after,.elementor-gallery__titles-container:not(.e--pointer-framed) .elementor-item:before{background-color:var(--galleries-pointer-bg-color-hover)}.elementor-gallery__titles-container:not(.e--pointer-framed) .elementor-item.elementor-item-active:after,.elementor-gallery__titles-container:not(.e--pointer-framed) .elementor-item.elementor-item-active:before{background-color:var(--galleries-pointer-bg-color-active)}.elementor-gallery__titles-container.e--pointer-framed .elementor-item:before{border-color:var(--galleries-pointer-bg-color-hover);border-width:var(--galleries-pointer-border-width)}.elementor-gallery__titles-container.e--pointer-framed .elementor-item:after{border-color:var(--galleries-pointer-bg-color-hover)}.elementor-gallery__titles-container.e--pointer-framed .elementor-item.elementor-item-active:after,.elementor-gallery__titles-container.e--pointer-framed .elementor-item.elementor-item-active:before{border-color:var(--galleries-pointer-bg-color-active)}.elementor-gallery__titles-container.e--pointer-framed.e--animation-draw .elementor-item:before{border-left-width:var(--galleries-pointer-border-width);border-bottom-width:var(--galleries-pointer-border-width);border-right-width:0;border-top-width:0}.elementor-gallery__titles-container.e--pointer-framed.e--animation-draw .elementor-item:after{border-left-width:0;border-bottom-width:0;border-right-width:var(--galleries-pointer-border-width);border-top-width:var(--galleries-pointer-border-width)}.elementor-gallery__titles-container.e--pointer-framed.e--animation-corners .elementor-item:before{border-left-width:var(--galleries-pointer-border-width);border-bottom-width:0;border-right-width:0;border-top-width:var(--galleries-pointer-border-width)}.elementor-gallery__titles-container.e--pointer-framed.e--animation-corners .elementor-item:after{border-left-width:0;border-bottom-width:var(--galleries-pointer-border-width);border-right-width:var(--galleries-pointer-border-width);border-top-width:0}.elementor-gallery__titles-container .e--pointer-double-line .elementor-item:after,.elementor-gallery__titles-container .e--pointer-double-line .elementor-item:before,.elementor-gallery__titles-container .e--pointer-overline .elementor-item:before,.elementor-gallery__titles-container .e--pointer-underline .elementor-item:after{height:var(--galleries-pointer-border-width)}.elementor-gallery-title{--space-between:10px;cursor:pointer;color:#6d7882;font-weight:500;position:relative;padding:7px 14px;transition:all .3s}.elementor-gallery-title--active{color:#495157}.elementor-gallery-title:not(:last-child){margin-right:var(--space-between)}.elementor-gallery-item__title+.elementor-gallery-item__description{margin-top:var(--description-margin-top)}.e-gallery-item.elementor-gallery-item{transition-property:all}.e-gallery-item.elementor-animated-content .elementor-animated-item--enter-from-bottom,.e-gallery-item.elementor-animated-content .elementor-animated-item--enter-from-left,.e-gallery-item.elementor-animated-content .elementor-animated-item--enter-from-right,.e-gallery-item.elementor-animated-content .elementor-animated-item--enter-from-top,.e-gallery-item:focus .elementor-gallery__item-overlay-bg,.e-gallery-item:focus .elementor-gallery__item-overlay-content,.e-gallery-item:focus .elementor-gallery__item-overlay-content__description,.e-gallery-item:focus .elementor-gallery__item-overlay-content__title,.e-gallery-item:hover .elementor-gallery__item-overlay-bg,.e-gallery-item:hover .elementor-gallery__item-overlay-content,.e-gallery-item:hover .elementor-gallery__item-overlay-content__description,.e-gallery-item:hover .elementor-gallery__item-overlay-content__title{opacity:1}a.elementor-item.elementor-gallery-title{color:var(--galleries-title-color-normal)}a.elementor-item.elementor-gallery-title.elementor-item-active,a.elementor-item.elementor-gallery-title.highlighted,a.elementor-item.elementor-gallery-title:focus,a.elementor-item.elementor-gallery-title:hover{color:var(--galleries-title-color-hover)}a.elementor-item.elementor-gallery-title.elementor-item-active{color:var(--gallery-title-color-active)}.e-con-inner>.elementor-widget-gallery,.e-con>.elementor-widget-gallery{width:var(--container-widget-width);--flex-grow:var(--container-widget-flex-grow)}<\/style>\n<p>\t\t\t\t\t\t\t<a href=\"https:\/\/direzionemuseiroma.cultura.gov.it\/wp-content\/uploads\/2025\/02\/DSC_8272.jpg\" data-elementor-open-lightbox=\"yes\" data-elementor-lightbox-slideshow=\"68ff25b\" data-e-action-hash=\"#elementor-action%3Aaction%3Dlightbox%26settings%3DeyJpZCI6MjIwMDUsInVybCI6Imh0dHBzOlwvXC9kaXJlemlvbmVtdXNlaXJvbWEuY3VsdHVyYS5nb3YuaXRcL3dwLWNvbnRlbnRcL3VwbG9hZHNcLzIwMjVcLzAyXC9EU0NfODI3Mi5qcGciLCJzbGlkZXNob3ciOiI2OGZmMjViIn0%3D\"><br \/>\n<\/a><br \/>\n<a href=\"https:\/\/direzionemuseiroma.cultura.gov.it\/wp-content\/uploads\/2025\/02\/DSC_8275.jpg\" data-elementor-open-lightbox=\"yes\" data-elementor-lightbox-slideshow=\"68ff25b\" data-e-action-hash=\"#elementor-action%3Aaction%3Dlightbox%26settings%3DeyJpZCI6MjIwMDcsInVybCI6Imh0dHBzOlwvXC9kaXJlemlvbmVtdXNlaXJvbWEuY3VsdHVyYS5nb3YuaXRcL3dwLWNvbnRlbnRcL3VwbG9hZHNcLzIwMjVcLzAyXC9EU0NfODI3NS5qcGciLCJzbGlkZXNob3ciOiI2OGZmMjViIn0%3D\"><br \/>\n<\/a><br \/>\n<a href=\"https:\/\/direzionemuseiroma.cultura.gov.it\/wp-content\/uploads\/2025\/02\/DSC_8292.jpg\" data-elementor-open-lightbox=\"yes\" data-elementor-lightbox-slideshow=\"68ff25b\" data-e-action-hash=\"#elementor-action%3Aaction%3Dlightbox%26settings%3DeyJpZCI6MjIwMTEsInVybCI6Imh0dHBzOlwvXC9kaXJlemlvbmVtdXNlaXJvbWEuY3VsdHVyYS5nb3YuaXRcL3dwLWNvbnRlbnRcL3VwbG9hZHNcLzIwMjVcLzAyXC9EU0NfODI5Mi5qcGciLCJzbGlkZXNob3ciOiI2OGZmMjViIn0%3D\"><br \/>\n<\/a><br \/>\n<a href=\"https:\/\/direzionemuseiroma.cultura.gov.it\/wp-content\/uploads\/2025\/02\/DSC_8413.jpg\" data-elementor-open-lightbox=\"yes\" data-elementor-lightbox-slideshow=\"68ff25b\" data-e-action-hash=\"#elementor-action%3Aaction%3Dlightbox%26settings%3DeyJpZCI6MjIwMTcsInVybCI6Imh0dHBzOlwvXC9kaXJlemlvbmVtdXNlaXJvbWEuY3VsdHVyYS5nb3YuaXRcL3dwLWNvbnRlbnRcL3VwbG9hZHNcLzIwMjVcLzAyXC9EU0NfODQxMy5qcGciLCJzbGlkZXNob3ciOiI2OGZmMjViIn0%3D\"><br \/>\n<\/a><br \/>\n<a href=\"https:\/\/direzionemuseiroma.cultura.gov.it\/wp-content\/uploads\/2025\/02\/DSC_8423.jpg\" data-elementor-open-lightbox=\"yes\" data-elementor-lightbox-slideshow=\"68ff25b\" data-e-action-hash=\"#elementor-action%3Aaction%3Dlightbox%26settings%3DeyJpZCI6MjIwMTksInVybCI6Imh0dHBzOlwvXC9kaXJlemlvbmVtdXNlaXJvbWEuY3VsdHVyYS5nb3YuaXRcL3dwLWNvbnRlbnRcL3VwbG9hZHNcLzIwMjVcLzAyXC9EU0NfODQyMy5qcGciLCJzbGlkZXNob3ciOiI2OGZmMjViIn0%3D\"><br \/>\n<\/a><br \/>\n<a href=\"https:\/\/direzionemuseiroma.cultura.gov.it\/wp-content\/uploads\/2025\/02\/DSC_8417.jpg\" data-elementor-open-lightbox=\"yes\" data-elementor-lightbox-slideshow=\"68ff25b\" data-e-action-hash=\"#elementor-action%3Aaction%3Dlightbox%26settings%3DeyJpZCI6MjIwMjEsInVybCI6Imh0dHBzOlwvXC9kaXJlemlvbmVtdXNlaXJvbWEuY3VsdHVyYS5nb3YuaXRcL3dwLWNvbnRlbnRcL3VwbG9hZHNcLzIwMjVcLzAyXC9EU0NfODQxNy5qcGciLCJzbGlkZXNob3ciOiI2OGZmMjViIn0%3D\"><br \/>\n<\/a><br \/>\n<a href=\"https:\/\/direzionemuseiroma.cultura.gov.it\/wp-content\/uploads\/2025\/02\/DSC_8399.jpg\" data-elementor-open-lightbox=\"yes\" data-elementor-lightbox-slideshow=\"68ff25b\" data-e-action-hash=\"#elementor-action%3Aaction%3Dlightbox%26settings%3DeyJpZCI6MjIwMTUsInVybCI6Imh0dHBzOlwvXC9kaXJlemlvbmVtdXNlaXJvbWEuY3VsdHVyYS5nb3YuaXRcL3dwLWNvbnRlbnRcL3VwbG9hZHNcLzIwMjVcLzAyXC9EU0NfODM5OS5qcGciLCJzbGlkZXNob3ciOiI2OGZmMjViIn0%3D\"><br \/>\n<\/a><br \/>\n<a href=\"https:\/\/direzionemuseiroma.cultura.gov.it\/wp-content\/uploads\/2025\/02\/DSC_8377.jpg\" data-elementor-open-lightbox=\"yes\" data-elementor-lightbox-slideshow=\"68ff25b\" data-e-action-hash=\"#elementor-action%3Aaction%3Dlightbox%26settings%3DeyJpZCI6MjIwMTMsInVybCI6Imh0dHBzOlwvXC9kaXJlemlvbmVtdXNlaXJvbWEuY3VsdHVyYS5nb3YuaXRcL3dwLWNvbnRlbnRcL3VwbG9hZHNcLzIwMjVcLzAyXC9EU0NfODM3Ny5qcGciLCJzbGlkZXNob3ciOiI2OGZmMjViIn0%3D\"><br \/>\n<\/a><\/p>\n<p>Conferenza stampa del 19 febbraio &#8211; crediti fotografici Maximiliano Massaroni<\/p>\n","protected":false},"excerpt":{"rendered":"<p>Roma, Castel Sant\u2019Angelo 6 marzo \u2013 31 agosto 2025 \u00a0 Una mostra immaginata come esperienza dell\u2019anima. La migliore pittura italiana declina i temi essenziali del Vangelo: l\u2019infanzia, il perdono, il volto della Madre, la lezione della povert\u00e0, la speranza dell\u2019amato innamorato, la sapienza dei santi e la fedelt\u00e0 della Chiesa. \u00c8 una mostra che vuole oltrepassare i confini della storia dell\u2019arte, offrendo un viaggio spirituale attorno alla bellezza come riscoperta del senso della vita \u00a0 L\u2019ARTE DEI PAPI. Da Perugino a Barocci, ideata dal Centro Europeo per il Turismo e la Cultura, presieduto da Giuseppe Lepore, organizzata in collaborazione con Castel Sant\u2019Angelo, diretto da Massimo Osanna, e con il patrocinio del Dicastero per l\u2019Evangelizzazione Giubileo 2025 presieduto dall\u2019Arcivescovo Rino Fisichella, \u00e8 la mostra che Castel Sant\u2019Angelo offre al pubblico dal 6 marzo al 31 agosto, in occasione dell\u2019anno giubilare 2025. L\u2019esposizione vuole essere il racconto di una citt\u00e0 che sogna d\u2019essere santa. I grandi artisti e l\u2019impegno dei Papi hanno reso Roma non solo il patrimonio dallo splendore incomparabile ma anche quell\u2019idea di citt\u00e0 costruita sul desiderio cristiano di esaltare la bellezza, la memoria, la civilt\u00e0 della tradizione, la dignit\u00e0 e l\u2019ideale universalistico di un uomo riscattato dal dolore. La mostra \u00e8 soprattutto un\u2019esperienza tematica. Fuori dal rigore cronologico, declina i temi evangelici: l\u2019infanzia, la maternit\u00e0, la gioia e la sofferenza, la resurrezione, la misericordia, la speranza. L\u2019ARTE DEI PAPI narra, opera dopo opera, i sogni e le aspirazioni dell\u2019essere umano nel riconoscere in s\u00e9 un \u201cseme divino\u201d. La Madonna con il Bambino, San Giuseppe e San Pietro Martire di Andrea del Sarto indica la gioia dell\u2019esser famiglia, cos\u00ec come lo manifesta l\u2019esaltazione pittorica dell\u2019opera di Giovanni Gerolamo Savoldo l\u2019Adorazione del Bambino con San Girolamo e San Francesco. Per il visitatore, il racconto vuole essere un\u2019esperienza vissuta, quel momento di raccoglimento e di serenit\u00e0 che solo l\u2019arte, nel suo stupendo stupore, sa offrire. Capitoli dell\u2019esposizione sono affidati all\u2019Adorazione dei pastori di Luigi Crespi, all\u2019Annunziata di Carlo Maratti e, al contempo, ai sogni del Perugino, di Annibale Carracci, Pietro da Cortona, del Cavalier d\u2019Arpino, di Pompeo Batoni, Giovanni Battista Salvi detto il Sassoferrato, Anton Raphael Mengs, Battistello Caracciolo o delle nubi rosate di Federico Barocci. Le incursioni storiche sono molteplici; molti i ritratti dei papi; singolari le esplorazioni dell\u2019arte contemporanea dedicata al sacro, come l\u2019opera di Bruno Ceccobelli, Giuseppe Salvatori, Luigi Stoisa e di Giorgio Di Giorgio. Un punto di forza istituzionale \u00e8 il fatto che abbiano collaborato molti istituti nazionali del Ministero della Cultura, quali le Gallerie Nazionali di Arte Antica-Palazzo Barberini e Galleria Corsini, la Galleria Nazionale dell\u2019Umbria, la Galleria Nazionale delle Marche e i Musei Reali di Torino-Galleria Sabauda, oltre all\u2019Accademia Nazionale di San Luca e ad alcune istituzioni comunali quali il Museo della Citt\u00e0 civico diocesano di Acquapendente. Del patrimonio di quei soggetti prestatori sono stati privilegiati i depositi e le opere rare di grandi artisti ma non solo, nell\u2019idea che un punto di forza della mostra sia anche la \u201crestituzione\u201d al visitatore di un mondo artistico tanto vasto quanto, per alcuni aspetti, poco conosciuto. Aspetto sostenuto dal dott. Mario Turetta, Capo Dipartimento per le attivit\u00e0 culturali del MiC, per il quale non c\u2019\u00e8 recupero che non sia valorizzazione di un immaginario culturale storico che esiste e che tuttavia \u00e8 ancora da ridisegnare, facendolo emergere dai depositi. La mostra \u00e8 curata da Arnaldo Colasanti, in collaborazione con Annamaria Bava. Comunicato stampa Carlo Sapelli, Il Tributo, inv. 804, Musei Reali &#8211; Galleria Sabauda, Torino Conferenza stampa del 19 febbraio &#8211; crediti fotografici Maximiliano Massaroni<\/p>\n","protected":false},"author":7,"featured_media":21989,"comment_status":"open","ping_status":"open","sticky":false,"template":"","format":"standard","meta":{"om_disable_all_campaigns":false,"footnotes":""},"categories":[68,69,110],"tags":[],"pp_force_visibility":null,"pp_subpost_visibility":null,"pp_inherited_force_visibility":null,"pp_inherited_subpost_visibility":null,"aioseo_notices":[],"_links":{"self":[{"href":"https:\/\/direzionemuseiroma.cultura.gov.it\/en\/wp-json\/wp\/v2\/posts\/27395"}],"collection":[{"href":"https:\/\/direzionemuseiroma.cultura.gov.it\/en\/wp-json\/wp\/v2\/posts"}],"about":[{"href":"https:\/\/direzionemuseiroma.cultura.gov.it\/en\/wp-json\/wp\/v2\/types\/post"}],"author":[{"embeddable":true,"href":"https:\/\/direzionemuseiroma.cultura.gov.it\/en\/wp-json\/wp\/v2\/users\/7"}],"replies":[{"embeddable":true,"href":"https:\/\/direzionemuseiroma.cultura.gov.it\/en\/wp-json\/wp\/v2\/comments?post=27395"}],"version-history":[{"count":1,"href":"https:\/\/direzionemuseiroma.cultura.gov.it\/en\/wp-json\/wp\/v2\/posts\/27395\/revisions"}],"predecessor-version":[{"id":27396,"href":"https:\/\/direzionemuseiroma.cultura.gov.it\/en\/wp-json\/wp\/v2\/posts\/27395\/revisions\/27396"}],"wp:featuredmedia":[{"embeddable":true,"href":"https:\/\/direzionemuseiroma.cultura.gov.it\/en\/wp-json\/wp\/v2\/media\/21989"}],"wp:attachment":[{"href":"https:\/\/direzionemuseiroma.cultura.gov.it\/en\/wp-json\/wp\/v2\/media?parent=27395"}],"wp:term":[{"taxonomy":"category","embeddable":true,"href":"https:\/\/direzionemuseiroma.cultura.gov.it\/en\/wp-json\/wp\/v2\/categories?post=27395"},{"taxonomy":"post_tag","embeddable":true,"href":"https:\/\/direzionemuseiroma.cultura.gov.it\/en\/wp-json\/wp\/v2\/tags?post=27395"}],"curies":[{"name":"wp","href":"https:\/\/api.w.org\/{rel}","templated":true}]}}