{"id":27311,"date":"2024-08-16T08:23:41","date_gmt":"2024-08-16T08:23:41","guid":{"rendered":"https:\/\/direzionemuseiroma.cultura.gov.it\/castello-racconta-castello-visite-guidate-gratuite-a-cura-del-personale-di-castel-santangelo-calendario-di-settembre\/"},"modified":"2026-02-10T14:31:27","modified_gmt":"2026-02-10T14:31:27","slug":"castello-racconta-castello-visite-guidate-gratuite-a-cura-del-personale-di-castel-santangelo-calendario-di-settembre","status":"publish","type":"post","link":"https:\/\/direzionemuseiroma.cultura.gov.it\/en\/castello-racconta-castello-visite-guidate-gratuite-a-cura-del-personale-di-castel-santangelo-calendario-di-settembre\/","title":{"rendered":"Castello racconta Castello. Visite guidate gratuite a cura del personale di Castel Sant\u2019Angelo. Calendario di settembre"},"content":{"rendered":"<p>Riprende nel mese di <strong>settembre<\/strong> il progetto di\u00a0<strong>visite guidate<\/strong> all\u2019interno di Castel Sant\u2019Angelo, a cura dello staff. Le visite, <strong>gratuite e in lingua italiana<\/strong>, si svolgeranno nei seguenti giorni:<\/p>\n<ul>\n<li><strong>marted\u00ec 3 e mercoled\u00ec 4<\/strong><\/li>\n<li><strong>marted\u00ec 10 e mercoled\u00ec 11<\/strong><\/li>\n<li><strong>marted\u00ec 17 e mercoled\u00ec 18<\/strong><\/li>\n<li><strong>marted\u00ec 24 e mercoled\u00ec 25<\/strong><\/li>\n<\/ul>\n<p>Per ogni data sono previste 2 visite: <strong>ore 10.30, ore 15.30 <\/strong><\/p>\n<p>Durata: 1 ora e mezzo circa<\/p>\n<p>Per ciascuna visita: max 10 persone<\/p>\n<p><strong>Prenotazione obbligatoria<\/strong> entro le 48 ore precedenti all\u2019indirizzo mail: <strong>dms-rm.visitecastello@cultura.gov.it<\/strong><\/p>\n<p>Visita gratuita previo pagamento del biglietto d&#8217;ingresso, secondo i canali ordinari previsti.<\/p>\n<style>\/*! elementor - v3.15.0 - 09-08-2023 *\/<br \/>\n.elementor-widget-image{text-align:center}.elementor-widget-image a{display:inline-block}.elementor-widget-image a img[src$=\".svg\"]{width:48px}.elementor-widget-image img{vertical-align:middle;display:inline-block}<\/style>\n<p>\t\t\t\t\t\t\t\t\t\t\t\t<img decoding=\"async\" width=\"800\" height=\"534\" src=\"https:\/\/direzionemuseiroma.cultura.gov.it\/wp-content\/uploads\/2024\/06\/16_Sala-del-Perseo_a-1024x683.jpg\" alt=\"\" loading=\"lazy\" srcset=\"https:\/\/direzionemuseiroma.cultura.gov.it\/wp-content\/uploads\/2024\/06\/16_Sala-del-Perseo_a-1024x683.jpg 1024w, https:\/\/direzionemuseiroma.cultura.gov.it\/wp-content\/uploads\/2024\/06\/16_Sala-del-Perseo_a-300x200.jpg 300w, https:\/\/direzionemuseiroma.cultura.gov.it\/wp-content\/uploads\/2024\/06\/16_Sala-del-Perseo_a-768x512.jpg 768w, https:\/\/direzionemuseiroma.cultura.gov.it\/wp-content\/uploads\/2024\/06\/16_Sala-del-Perseo_a-1536x1024.jpg 1536w, https:\/\/direzionemuseiroma.cultura.gov.it\/wp-content\/uploads\/2024\/06\/16_Sala-del-Perseo_a-2048x1365.jpg 2048w\" sizes=\"(max-width: 800px) 100vw, 800px\" \/><\/p>\n","protected":false},"excerpt":{"rendered":"<p>Riprende nel mese di settembre il progetto di\u00a0visite guidate all\u2019interno di Castel Sant\u2019Angelo, a cura dello staff. Le visite, gratuite e in lingua italiana, si svolgeranno nei seguenti giorni: marted\u00ec 3 e mercoled\u00ec 4 marted\u00ec 10 e mercoled\u00ec 11 marted\u00ec 17 e mercoled\u00ec 18 marted\u00ec 24 e mercoled\u00ec 25 Per ogni data sono previste 2 visite: ore 10.30, ore 15.30 Durata: 1 ora e mezzo circa Per ciascuna visita: max 10 persone Prenotazione obbligatoria entro le 48 ore precedenti all\u2019indirizzo mail: dms-rm.visitecastello@cultura.gov.it Visita gratuita previo pagamento del biglietto d&#8217;ingresso, secondo i canali ordinari previsti.<\/p>\n","protected":false},"author":7,"featured_media":16839,"comment_status":"closed","ping_status":"open","sticky":false,"template":"","format":"standard","meta":{"om_disable_all_campaigns":false,"footnotes":""},"categories":[68,69,72],"tags":[113],"pp_force_visibility":null,"pp_subpost_visibility":null,"pp_inherited_force_visibility":null,"pp_inherited_subpost_visibility":null,"aioseo_notices":[],"_links":{"self":[{"href":"https:\/\/direzionemuseiroma.cultura.gov.it\/en\/wp-json\/wp\/v2\/posts\/27311"}],"collection":[{"href":"https:\/\/direzionemuseiroma.cultura.gov.it\/en\/wp-json\/wp\/v2\/posts"}],"about":[{"href":"https:\/\/direzionemuseiroma.cultura.gov.it\/en\/wp-json\/wp\/v2\/types\/post"}],"author":[{"embeddable":true,"href":"https:\/\/direzionemuseiroma.cultura.gov.it\/en\/wp-json\/wp\/v2\/users\/7"}],"replies":[{"embeddable":true,"href":"https:\/\/direzionemuseiroma.cultura.gov.it\/en\/wp-json\/wp\/v2\/comments?post=27311"}],"version-history":[{"count":1,"href":"https:\/\/direzionemuseiroma.cultura.gov.it\/en\/wp-json\/wp\/v2\/posts\/27311\/revisions"}],"predecessor-version":[{"id":27312,"href":"https:\/\/direzionemuseiroma.cultura.gov.it\/en\/wp-json\/wp\/v2\/posts\/27311\/revisions\/27312"}],"wp:featuredmedia":[{"embeddable":true,"href":"https:\/\/direzionemuseiroma.cultura.gov.it\/en\/wp-json\/wp\/v2\/media\/16839"}],"wp:attachment":[{"href":"https:\/\/direzionemuseiroma.cultura.gov.it\/en\/wp-json\/wp\/v2\/media?parent=27311"}],"wp:term":[{"taxonomy":"category","embeddable":true,"href":"https:\/\/direzionemuseiroma.cultura.gov.it\/en\/wp-json\/wp\/v2\/categories?post=27311"},{"taxonomy":"post_tag","embeddable":true,"href":"https:\/\/direzionemuseiroma.cultura.gov.it\/en\/wp-json\/wp\/v2\/tags?post=27311"}],"curies":[{"name":"wp","href":"https:\/\/api.w.org\/{rel}","templated":true}]}}