{"id":18492,"date":"2020-06-10T09:59:21","date_gmt":"2020-06-10T07:59:21","guid":{"rendered":"https:\/\/direzionemuseiroma.cultura.gov.it\/pantheon-1-300-visitatori-per-la-giornata-di-apertura\/"},"modified":"2020-06-10T09:59:21","modified_gmt":"2020-06-10T07:59:21","slug":"pantheon-1-300-visitatori-per-la-giornata-di-apertura","status":"publish","type":"post","link":"https:\/\/direzionemuseiroma.cultura.gov.it\/en\/pantheon-1-300-visitatori-per-la-giornata-di-apertura\/","title":{"rendered":"Pantheon: quasi 1.300 visitatori per la giornata di apertura"},"content":{"rendered":"<p><img decoding=\"async\" loading=\"lazy\" src=\"https:\/\/direzionemuseiroma.cultura.gov.it\/wp-content\/uploads\/2020\/06\/pantheon-cupola1.jpg\" sizes=\"(max-width: 742px) 100vw, 742px\" srcset=\"https:\/\/direzionemuseiroma.cultura.gov.it\/wp-content\/uploads\/2020\/06\/pantheon-cupola1.jpg 742w, https:\/\/direzionemuseiroma.cultura.gov.it\/wp-content\/uploads\/2020\/06\/pantheon-cupola1-300x228.jpg 300w\" alt=\"\" width=\"742\" height=\"563\" \/><\/p>\n<h2 style=\"margin: 0cm 0cm 0.0001pt; background: white; text-align: left;\"><strong>Il Pantheon \u00e8 stato riaperto al pubblico con nuove modalit\u00e0 di accesso e di visita e con nuovi orari.<\/strong><\/h2>\n<h2 style=\"margin: 0cm 0cm 0.0001pt; background: white; font-variant-ligatures: normal; font-variant-caps: normal; orphans: 2; widows: 2; -webkit-text-stroke-width: 0px; text-decoration-style: initial; text-decoration-color: initial; word-spacing: 0px; text-align: left;\"><strong>Il monumento \u00e8 stato scelto da quasi 1.300 visitatori.<\/strong><\/h2>\n<p>Marted\u00ec 9 giugno, dopo tre mesi di chiusura per emergenza Covid-19, il Pantheon \u00e8 tornato ad accogliere il pubblico.<br \/>\nChe le riaperture dei musei e luoghi della cultura fossero pienamente in linea con una richiesta espressa da gran parte della societ\u00e0 civile \u00e8 dimostrato dall\u2019entusiasmo con cui i visitatori hanno risposto all\u2019iniziativa: il monumento ha infatti registrato quasi 1.300 presenze.<br \/>\nA fronte delle necessarie misure di sicurezza, tra cui la misurazione della temperatura corporea e il contingentamento delle visite (la capienza massima stabilita per il monumento \u00e8 ridotta di oltre il 90% rispetto all&#8217;epoca pre-Covid), il flusso si \u00e8 svolto in maniera regolare e ordinata, lungo il nuovo percorso di visita unidirezionale.<br \/>\nIl Pantheon \u00e8 visitabile ogni giorno, con il nuovo orario uniformato, dalle 9 alle 19 (ultimo ingresso alle 18:30)<\/p>\n","protected":false},"excerpt":{"rendered":"<p>Il Pantheon \u00e8 stato riaperto al pubblico con nuove modalit\u00e0 di accesso e di visita e con nuovi orari. Il monumento \u00e8 stato scelto da quasi 1.300 visitatori. Marted\u00ec 9 giugno, dopo tre mesi di chiusura per emergenza Covid-19, il Pantheon \u00e8 tornato ad accogliere il pubblico. Che le riaperture dei musei e luoghi della cultura fossero pienamente in linea con una richiesta espressa da gran parte della societ\u00e0 civile \u00e8 dimostrato dall\u2019entusiasmo con cui i visitatori hanno risposto all\u2019iniziativa: il monumento ha infatti registrato quasi 1.300 presenze. A fronte delle necessarie misure di sicurezza, tra cui la misurazione della temperatura corporea e il contingentamento delle visite (la capienza massima stabilita per il monumento \u00e8 ridotta di oltre il 90% rispetto all&#8217;epoca pre-Covid), il flusso si \u00e8 svolto in maniera regolare e ordinata, lungo il nuovo percorso di visita unidirezionale. Il Pantheon \u00e8 visitabile ogni giorno, con il nuovo orario uniformato, dalle 9 alle 19 (ultimo ingresso alle 18:30)<\/p>\n","protected":false},"author":1,"featured_media":0,"comment_status":"closed","ping_status":"closed","sticky":false,"template":"","format":"standard","meta":{"om_disable_all_campaigns":false,"footnotes":""},"categories":[76],"tags":[],"pp_force_visibility":null,"pp_subpost_visibility":null,"pp_inherited_force_visibility":null,"pp_inherited_subpost_visibility":null,"aioseo_notices":[],"_links":{"self":[{"href":"https:\/\/direzionemuseiroma.cultura.gov.it\/en\/wp-json\/wp\/v2\/posts\/18492"}],"collection":[{"href":"https:\/\/direzionemuseiroma.cultura.gov.it\/en\/wp-json\/wp\/v2\/posts"}],"about":[{"href":"https:\/\/direzionemuseiroma.cultura.gov.it\/en\/wp-json\/wp\/v2\/types\/post"}],"author":[{"embeddable":true,"href":"https:\/\/direzionemuseiroma.cultura.gov.it\/en\/wp-json\/wp\/v2\/users\/1"}],"replies":[{"embeddable":true,"href":"https:\/\/direzionemuseiroma.cultura.gov.it\/en\/wp-json\/wp\/v2\/comments?post=18492"}],"version-history":[{"count":0,"href":"https:\/\/direzionemuseiroma.cultura.gov.it\/en\/wp-json\/wp\/v2\/posts\/18492\/revisions"}],"wp:attachment":[{"href":"https:\/\/direzionemuseiroma.cultura.gov.it\/en\/wp-json\/wp\/v2\/media?parent=18492"}],"wp:term":[{"taxonomy":"category","embeddable":true,"href":"https:\/\/direzionemuseiroma.cultura.gov.it\/en\/wp-json\/wp\/v2\/categories?post=18492"},{"taxonomy":"post_tag","embeddable":true,"href":"https:\/\/direzionemuseiroma.cultura.gov.it\/en\/wp-json\/wp\/v2\/tags?post=18492"}],"curies":[{"name":"wp","href":"https:\/\/api.w.org\/{rel}","templated":true}]}}