{"id":18484,"date":"2020-12-15T18:04:44","date_gmt":"2020-12-15T17:04:44","guid":{"rendered":"https:\/\/direzionemuseiroma.cultura.gov.it\/la-galleria-spada-presentata-dalla-sua-direttrice-per-ungiornoallannotuttolanno\/"},"modified":"2020-12-15T18:04:44","modified_gmt":"2020-12-15T17:04:44","slug":"la-galleria-spada-presentata-dalla-sua-direttrice-per-ungiornoallannotuttolanno","status":"publish","type":"post","link":"https:\/\/direzionemuseiroma.cultura.gov.it\/en\/la-galleria-spada-presentata-dalla-sua-direttrice-per-ungiornoallannotuttolanno\/","title":{"rendered":"La Galleria Spada presentata dalla sua Direttrice per #ungiornoallannotuttolanno"},"content":{"rendered":"<p>Nell&#8217;ambito delle iniziative sull&#8217;accessibilit\u00e0 museale e secondo quanto intrapreso per la Giornata del 3 dicembre 2020, i luoghi della Direzione Musei Statali della Citt\u00e0 di Roma si raccontano singolarmente attraverso le immagini pi\u00f9 significative e le opere pi\u00f9 emblematiche.<br \/>\nIn questo caso, la speciale atmosfera della Galleria Spada\u00a0\u00e8 espressa nelle parole della sua Direttrice, Adriana Capriotti, che ci presenta la\u00a0formidabile personalit\u00e0\u00a0del cardinal Bernardino Spada,\u00a0iniziatore della collezione.\u00a0E&#8217; un itinerario virtuale,\u00a0che ci\u00a0accompagna attraverso\u00a0le\u00a0Sale del museo per concludersi nella stupefacente Prospettiva borrominana, una &#8220;colonnata&#8221; illusiva\u00a0seicentesca che induce alla\u00a0riflessione.\u00a0Questo invito, con\u00a0audio e sottotitoli, si rivolge in particolare\u00a0alle persone con disabilit\u00e0; anche in questo\u00a0momento del tutto fuori dall&#8217;ordinario, i musei di Roma restano in connessione con i visitatori, condividendo esperienze e opere attraverso una visita virtuale, nell&#8217;attesa di rivedersi presto.<\/p>\n<div style=\"width: 640px;\" class=\"wp-video\"><!--[if lt IE 9]><script>document.createElement('video');<\/script><![endif]-->\n<video class=\"wp-video-shortcode\" id=\"video-18484-1\" width=\"640\" height=\"360\" preload=\"metadata\" controls=\"controls\"><source type=\"video\/mp4\" src=\"https:\/\/direzionemuseiroma.cultura.gov.it\/wp-content\/uploads\/2020\/12\/giornata-interzionale-disabilit\u00e0-spada.mp4?_=1\" \/><a href=\"https:\/\/direzionemuseiroma.cultura.gov.it\/wp-content\/uploads\/2020\/12\/giornata-interzionale-disabilit\u00e0-spada.mp4\">https:\/\/direzionemuseiroma.cultura.gov.it\/wp-content\/uploads\/2020\/12\/giornata-interzionale-disabilit\u00e0-spada.mp4<\/a><\/video><\/div>\n","protected":false},"excerpt":{"rendered":"<p>Nell&#8217;ambito delle iniziative sull&#8217;accessibilit\u00e0 museale e secondo quanto intrapreso per la Giornata del 3 dicembre 2020, i luoghi della Direzione Musei Statali della Citt\u00e0 di Roma si raccontano singolarmente attraverso le immagini pi\u00f9 significative e le opere pi\u00f9 emblematiche. In questo caso, la speciale atmosfera della Galleria Spada\u00a0\u00e8 espressa nelle parole della sua Direttrice, Adriana Capriotti, che ci presenta la\u00a0formidabile personalit\u00e0\u00a0del cardinal Bernardino Spada,\u00a0iniziatore della collezione.\u00a0E&#8217; un itinerario virtuale,\u00a0che ci\u00a0accompagna attraverso\u00a0le\u00a0Sale del museo per concludersi nella stupefacente Prospettiva borrominana, una &#8220;colonnata&#8221; illusiva\u00a0seicentesca che induce alla\u00a0riflessione.\u00a0Questo invito, con\u00a0audio e sottotitoli, si rivolge in particolare\u00a0alle persone con disabilit\u00e0; anche in questo\u00a0momento del tutto fuori dall&#8217;ordinario, i musei di Roma restano in connessione con i visitatori, condividendo esperienze e opere attraverso una visita virtuale, nell&#8217;attesa di rivedersi presto. https:\/\/direzionemuseiroma.cultura.gov.it\/wp-content\/uploads\/2020\/12\/giornata-interzionale-disabilit\u00e0-spada.mp4<\/p>\n","protected":false},"author":1,"featured_media":0,"comment_status":"closed","ping_status":"closed","sticky":false,"template":"","format":"standard","meta":{"om_disable_all_campaigns":false,"footnotes":""},"categories":[69,70,72],"tags":[],"pp_force_visibility":null,"pp_subpost_visibility":null,"pp_inherited_force_visibility":null,"pp_inherited_subpost_visibility":null,"aioseo_notices":[],"_links":{"self":[{"href":"https:\/\/direzionemuseiroma.cultura.gov.it\/en\/wp-json\/wp\/v2\/posts\/18484"}],"collection":[{"href":"https:\/\/direzionemuseiroma.cultura.gov.it\/en\/wp-json\/wp\/v2\/posts"}],"about":[{"href":"https:\/\/direzionemuseiroma.cultura.gov.it\/en\/wp-json\/wp\/v2\/types\/post"}],"author":[{"embeddable":true,"href":"https:\/\/direzionemuseiroma.cultura.gov.it\/en\/wp-json\/wp\/v2\/users\/1"}],"replies":[{"embeddable":true,"href":"https:\/\/direzionemuseiroma.cultura.gov.it\/en\/wp-json\/wp\/v2\/comments?post=18484"}],"version-history":[{"count":0,"href":"https:\/\/direzionemuseiroma.cultura.gov.it\/en\/wp-json\/wp\/v2\/posts\/18484\/revisions"}],"wp:attachment":[{"href":"https:\/\/direzionemuseiroma.cultura.gov.it\/en\/wp-json\/wp\/v2\/media?parent=18484"}],"wp:term":[{"taxonomy":"category","embeddable":true,"href":"https:\/\/direzionemuseiroma.cultura.gov.it\/en\/wp-json\/wp\/v2\/categories?post=18484"},{"taxonomy":"post_tag","embeddable":true,"href":"https:\/\/direzionemuseiroma.cultura.gov.it\/en\/wp-json\/wp\/v2\/tags?post=18484"}],"curies":[{"name":"wp","href":"https:\/\/api.w.org\/{rel}","templated":true}]}}