{"id":18483,"date":"2020-12-22T15:40:26","date_gmt":"2020-12-22T14:40:26","guid":{"rendered":"https:\/\/direzionemuseiroma.cultura.gov.it\/mirabilia-of-music-la-musica-apre-i-musei\/"},"modified":"2020-12-22T15:40:26","modified_gmt":"2020-12-22T14:40:26","slug":"mirabilia-of-music-la-musica-apre-i-musei","status":"publish","type":"post","link":"https:\/\/direzionemuseiroma.cultura.gov.it\/en\/mirabilia-of-music-la-musica-apre-i-musei\/","title":{"rendered":"Mirabilia of Music &#8211; la Musica apre i Musei"},"content":{"rendered":"\t\t<div data-elementor-type=\"wp-post\" data-elementor-id=\"18483\" class=\"elementor elementor-18483 elementor-7510\" data-elementor-post-type=\"post\">\n\t\t\t\t\t\t\t\t\t<section class=\"elementor-section elementor-top-section elementor-element elementor-element-7834b18 elementor-section-boxed elementor-section-height-default elementor-section-height-default wpr-particle-no wpr-jarallax-no wpr-parallax-no wpr-sticky-section-no\" data-id=\"7834b18\" data-element_type=\"section\">\n\t\t\t\t\t\t<div class=\"elementor-container elementor-column-gap-default\">\n\t\t\t\t\t<div class=\"elementor-column elementor-col-100 elementor-top-column elementor-element elementor-element-4a276bb\" data-id=\"4a276bb\" data-element_type=\"column\">\n\t\t\t<div class=\"elementor-widget-wrap elementor-element-populated\">\n\t\t\t\t\t\t\t\t<div class=\"elementor-element elementor-element-ab371b3 elementor-widget elementor-widget-text-editor\" data-id=\"ab371b3\" data-element_type=\"widget\" data-widget_type=\"text-editor.default\">\n\t\t\t\t<div class=\"elementor-widget-container\">\n\t\t\t<style>\/*! elementor - v3.15.0 - 09-08-2023 *\/\n.elementor-widget-text-editor.elementor-drop-cap-view-stacked .elementor-drop-cap{background-color:#69727d;color:#fff}.elementor-widget-text-editor.elementor-drop-cap-view-framed .elementor-drop-cap{color:#69727d;border:3px solid;background-color:transparent}.elementor-widget-text-editor:not(.elementor-drop-cap-view-default) .elementor-drop-cap{margin-top:8px}.elementor-widget-text-editor:not(.elementor-drop-cap-view-default) .elementor-drop-cap-letter{width:1em;height:1em}.elementor-widget-text-editor .elementor-drop-cap{float:left;text-align:center;line-height:1;font-size:50px}.elementor-widget-text-editor .elementor-drop-cap-letter{display:inline-block}<\/style>\t\t\t\t<p><span style=\"font-size: 14pt;\">Nove concerti per comunicare i Musei e le loro bellezze durante la chiusura e per far risuonare al loro interno la festosit\u00e0 del Natale e del potere della Cultura, musicale ed artistica insieme.&nbsp;<\/span><\/p>\n<p><span style=\"font-size: 14pt;\">Il direttore dei Musei Statali della Citt\u00e0 di Roma, Mariastella Margozzi, insieme a Adriana Capriotti, Luca Mercuri, Matilde Amaturo, Maria Giuseppina Di Monte, direttori di: Galleria Spada, Pantheon \u2013 Basilica di Santa Maria ad Martyres, Museo Boncompagni Ludovisi, Museo Hendrik C. Andersen e Museo Mario Praz, accoglie all&#8217;interno di tutti i siti della DMS Roma, compresi il Parco di Veio, la Basilica di San Cesareo de Appia e il Museo nazionale degli Strumenti Musicali, la Musica per eccellenza, eseguita da gruppi musicali di qualit\u00e0 e prestigio che si esibiranno a porte chiuse nel rispetto delle regole anti Covid, dando vita a suggestivi incontri tra arte e musica, che saranno trasmessi attraverso una connettivit\u00e0 diffusa.&nbsp;<\/span><\/p>\n<p><span style=\"font-size: 14pt;\">Passando per suggestive sonorit\u00e0 barocche e l&#8217;universalmente amato genere classico, giungendo al jazz e alle moderne sperimentazioni, il pubblico riabbraccer\u00e0 i Musei nel segno della fiducia nella continuit\u00e0 culturale e dell&#8217;accessibilit\u00e0 dei luoghi della cultura.<\/span><\/p>\n<p><span style=\"font-size: 14pt;\">Il Progetto culturale condiviso con la Direzione Generale Musei nella persona del Direttore Generale Massimo Osanna, \u00e8 stato curato ed organizzato, per conto della Direzione Musei Statali della Citt\u00e0 di Roma, da Anna Selvi.<\/span><\/p>\n<p><span style=\"font-size: 14pt;\">L\u2019intero programma con le date della messa on-line sar\u00e0 fruibile sulle piattaforme social e siti web.<\/span><\/p>\n<p><span style=\"font-size: 14pt;\"><em>1\u00b0 concerto venerd\u00ec 25 dicembre alle ore 18:00<\/em><\/span><\/p>\n<p><span style=\"font-size: 14pt;\"><em>Link di riferimento della trasmissione on line:<\/em><\/span><\/p>\n<p class=\"MsoNormal\" style=\"text-align: left;\"><span style=\"color: blue; font-size: 12pt; font-family: tahoma, arial, helvetica, sans-serif;\"><a href=\"https:\/\/www.facebook.com\/DirezioneMuseiStatalidellacittadiRoma\" target=\"_blank\" rel=\"noopener\">https:\/\/www.facebook.com\/DirezioneMuseiStatalidellacittadiRoma<\/a><\/span><\/p>\n<p style=\"margin-left: 5.85pt; line-height: 11.2pt; text-align: left;\"><br><\/p>\n<p><em>&nbsp;<\/em>Per info ufficio promozione e stampa: <a href=\"mailto:dms-rm.ufficiosocial@beniculturali.it\">dms-rm.ufficiosocial@beniculturali.it<\/a><\/p>\t\t\t\t\t\t<\/div>\n\t\t\t\t<\/div>\n\t\t\t\t\t<\/div>\n\t\t<\/div>\n\t\t\t\t\t\t\t<\/div>\n\t\t<\/section>\n\t\t\t\t<section class=\"elementor-section elementor-top-section elementor-element elementor-element-cf39e45 elementor-section-boxed elementor-section-height-default elementor-section-height-default wpr-particle-no wpr-jarallax-no wpr-parallax-no wpr-sticky-section-no\" data-id=\"cf39e45\" data-element_type=\"section\">\n\t\t\t\t\t\t<div class=\"elementor-container elementor-column-gap-default\">\n\t\t\t\t\t<div class=\"elementor-column elementor-col-100 elementor-top-column elementor-element elementor-element-bea956c\" data-id=\"bea956c\" data-element_type=\"column\">\n\t\t\t<div class=\"elementor-widget-wrap elementor-element-populated\">\n\t\t\t\t\t\t\t\t<div class=\"elementor-element elementor-element-d56bd34 elementor-widget elementor-widget-text-editor\" data-id=\"d56bd34\" data-element_type=\"widget\" data-widget_type=\"text-editor.default\">\n\t\t\t\t<div class=\"elementor-widget-container\">\n\t\t\t\t\t\t\t<p><\/p>\n<p style=\"text-align: center;\"><em><strong><span style=\"font-size: 14pt;\">PROGRAMMA<\/span><\/strong><\/em><\/p>\n<p style=\"text-align: center;\">&#8212;&#8212;&#8212;&#8212;&#8212;&#8212;&#8212;&#8212;&#8212;&#8212;<\/p>\n<p style=\"text-align: center;\"><strong>&nbsp;<\/strong><span style=\"font-size: 14pt;\"><strong><em>PANTHEON \u2013 Basilica di Santa Maria ad Martyres<\/em><\/strong><\/span><\/p>\n<p style=\"text-align: center;\">Michele Gasbarro<\/p>\n<p style=\"text-align: center;\"><strong><em>I Concerti Grossi da Chiesa <\/em><\/strong><strong>di Arcangelo Corelli<\/strong><\/p>\n<p style=\"text-align: center;\"><em>Orchestra del Roma Festival Barocco, 12 elementi<\/em><\/p>\n<p style=\"text-align: center;\"><em>&nbsp;<\/em><\/p>\n<p style=\"text-align: center;\"><span style=\"font-size: 14pt;\"><strong><em>MUSEO NAZIONALE DEGLI STRUMENTI MUSICALI<\/em><\/strong><\/span><\/p>\n<p style=\"text-align: center;\">Un progetto di installazione musicale di Luigi Cinque<\/p>\n<p style=\"text-align: center;\"><strong><em>Le stanze della musica<\/em><\/strong><\/p>\n<p style=\"text-align: center;\"><em>Lectio Improvvisalis Ensembles, 8 elementi<\/em><\/p>\n<p style=\"text-align: center;\"><em>&nbsp;<\/em><\/p>\n<p style=\"text-align: center;\"><span style=\"font-size: 14pt;\"><strong><em>MUSEO NAZIONALE di CASTEL SANT\u2019ANGELO<\/em><\/strong><\/span><\/p>\n<p style=\"text-align: center;\">Roma Tre Orchestra<\/p>\n<p style=\"text-align: center;\"><strong>Orchestra da camera da Bach a Respighi<\/strong><\/p>\n<p style=\"text-align: center;\"><em>18 elementi<\/em><\/p>\n<p style=\"text-align: center;\"><em style=\"font-size: 0.9375rem;\">&nbsp;<\/em><\/p>\n<p style=\"text-align: center;\"><span style=\"font-size: 14pt;\"><strong><em>MUSEO HENDRIK CHRISTIAN ANDERSEN<\/em><\/strong><\/span><\/p>\n<p style=\"text-align: center;\">Marco Sinopoli<\/p>\n<p style=\"text-align: center;\"><strong>Aleatology<\/strong><\/p>\n<p style=\"text-align: center;\"><em>Jazz, sonorit\u00e0 sperimentali e improvvisazioni, 6 elementi<\/em><\/p>\n<p style=\"text-align: center;\"><em>&nbsp;<\/em><\/p>\n<p style=\"text-align: center;\"><span style=\"font-size: 14pt;\"><strong><em>GALLERIA SPADA<\/em><\/strong><\/span><\/p>\n<p style=\"text-align: center;\">Ensemble Utfasol<\/p>\n<p style=\"text-align: center;\"><strong>Quintetto di musica rinascimentale e barocca<\/strong><\/p>\n<p style=\"text-align: center;\"><strong>&nbsp;<\/strong><\/p>\n<p style=\"text-align: center;\"><span style=\"font-size: 14pt;\"><strong><em>MUSEO MARIO PRAZ<\/em><\/strong><\/span><\/p>\n<p style=\"text-align: center;\">Redi Hasa &amp; Rocco Nigro<\/p><p style=\"text-align: center;\"><br><\/p>\n<p style=\"text-align: center;\"><span style=\"font-size: 14pt;\"><strong><em>MUSEO BONCOMPAGNI LUDOVISI<\/em><\/strong><\/span><\/p>\n<p style=\"text-align: center;\">Marco Sinopoli &amp; Roberto Gatto<\/p>\n<p style=\"text-align: center;\"><strong>Cristalli<\/strong><\/p>\n<p style=\"text-align: center;\"><em>Quartetto di musica classica, sperimentale ed elettronica<\/em><\/p>\n<p style=\"text-align: center;\"><em>&nbsp;<\/em><\/p>\n<p style=\"text-align: center;\"><span style=\"font-size: 14pt;\"><strong><em>BASILICA DI SAN CESAREO DE APPIA<\/em><\/strong><\/span><\/p>\n<p style=\"text-align: center;\">Giovannangelo De Gennaro con l\u2019Ensemble Calixtinus<\/p>\n<p style=\"text-align: center;\"><strong>DEUS ADIUVA NOS!<\/strong><\/p>\n<p style=\"text-align: center;\"><em>Canti per la Festa di San Giacomo di Compostella, 8 elementi (Codex Calixtinus sex XII)<\/em><\/p>\n<p style=\"text-align: center;\"><em>&nbsp;<\/em><\/p>\n<p style=\"text-align: center;\"><span style=\"font-size: 14pt;\"><strong><em>SANTUARIO ETRUSCO DELL\u2019 APOLLO <\/em><\/strong><strong><em>AREA ARCHEOLOGICA DI VEIO<\/em><\/strong><\/span><\/p>\n<p style=\"text-align: center;\">Luigi Cinque e Giovanna Famulari<\/p>\n<p style=\"text-align: center;\"><strong>Dialogo<\/strong><\/p>\n<p style=\"text-align: center;\"><em>Reinterpretazione di musiche arcaiche e moderne in dialogo con la letteratura classica e popolare<\/em><\/p>\t\t\t\t\t\t<\/div>\n\t\t\t\t<\/div>\n\t\t\t\t\t<\/div>\n\t\t<\/div>\n\t\t\t\t\t\t\t<\/div>\n\t\t<\/section>\n\t\t\t\t<section class=\"elementor-section elementor-top-section elementor-element elementor-element-222ceb7 elementor-section-boxed elementor-section-height-default elementor-section-height-default wpr-particle-no wpr-jarallax-no wpr-parallax-no wpr-sticky-section-no\" data-id=\"222ceb7\" data-element_type=\"section\">\n\t\t\t\t\t\t<div class=\"elementor-container elementor-column-gap-default\">\n\t\t\t\t\t<div class=\"elementor-column elementor-col-100 elementor-top-column elementor-element elementor-element-b256f7e\" data-id=\"b256f7e\" data-element_type=\"column\">\n\t\t\t<div class=\"elementor-widget-wrap\">\n\t\t\t\t\t\t\t\t\t<\/div>\n\t\t<\/div>\n\t\t\t\t\t\t\t<\/div>\n\t\t<\/section>\n\t\t\t\t<section class=\"elementor-section elementor-top-section elementor-element elementor-element-25beaf6 elementor-section-boxed elementor-section-height-default elementor-section-height-default wpr-particle-no wpr-jarallax-no wpr-parallax-no wpr-sticky-section-no\" data-id=\"25beaf6\" data-element_type=\"section\">\n\t\t\t\t\t\t<div class=\"elementor-container elementor-column-gap-default\">\n\t\t\t\t\t<div class=\"elementor-column elementor-col-100 elementor-top-column elementor-element elementor-element-a02d086\" data-id=\"a02d086\" data-element_type=\"column\">\n\t\t\t<div class=\"elementor-widget-wrap elementor-element-populated\">\n\t\t\t\t\t\t\t\t<div class=\"elementor-element elementor-element-33869d6 elementor-widget elementor-widget-image\" data-id=\"33869d6\" data-element_type=\"widget\" data-widget_type=\"image.default\">\n\t\t\t\t<div class=\"elementor-widget-container\">\n\t\t\t<style>\/*! elementor - v3.15.0 - 09-08-2023 *\/\n.elementor-widget-image{text-align:center}.elementor-widget-image a{display:inline-block}.elementor-widget-image a img[src$=\".svg\"]{width:48px}.elementor-widget-image img{vertical-align:middle;display:inline-block}<\/style>\t\t\t\t\t\t\t\t\t\t\t\t<img decoding=\"async\" src=\"https:\/\/dmsrm.futuretechlead.com\/wp-content\/uploads\/2020\/12\/MIRABILIA-of-MUSIC-Locandina.jpg\" title=\"\" alt=\"\" loading=\"lazy\" \/>\t\t\t\t\t\t\t\t\t\t\t\t\t\t\t<\/div>\n\t\t\t\t<\/div>\n\t\t\t\t\t<\/div>\n\t\t<\/div>\n\t\t\t\t\t\t\t<\/div>\n\t\t<\/section>\n\t\t\t\t\t\t\t<\/div>\n\t\t","protected":false},"excerpt":{"rendered":"<p>Nove concerti per comunicare i Musei e le loro bellezze durante la chiusura e per far risuonare al loro interno la festosit\u00e0 del Natale e del potere della Cultura, musicale ed artistica insieme.&nbsp; Il direttore dei Musei Statali della Citt\u00e0 di Roma, Mariastella Margozzi, insieme a Adriana Capriotti, Luca Mercuri, Matilde Amaturo, Maria Giuseppina Di Monte, direttori di: Galleria Spada, Pantheon \u2013 Basilica di Santa Maria ad Martyres, Museo Boncompagni Ludovisi, Museo Hendrik C. Andersen e Museo Mario Praz, accoglie all&#8217;interno di tutti i siti della DMS Roma, compresi il Parco di Veio, la Basilica di San Cesareo de Appia e il Museo nazionale degli Strumenti Musicali, la Musica per eccellenza, eseguita da gruppi musicali di qualit\u00e0 e prestigio che si esibiranno a porte chiuse nel rispetto delle regole anti Covid, dando vita a suggestivi incontri tra arte e musica, che saranno trasmessi attraverso una connettivit\u00e0 diffusa.&nbsp; Passando per suggestive sonorit\u00e0 barocche e l&#8217;universalmente amato genere classico, giungendo al jazz e alle moderne sperimentazioni, il pubblico riabbraccer\u00e0 i Musei nel segno della fiducia nella continuit\u00e0 culturale e dell&#8217;accessibilit\u00e0 dei luoghi della cultura. Il Progetto culturale condiviso con la Direzione Generale Musei nella persona del Direttore Generale Massimo Osanna, \u00e8 stato curato ed organizzato, per conto della Direzione Musei Statali della Citt\u00e0 di Roma, da Anna Selvi. L\u2019intero programma con le date della messa on-line sar\u00e0 fruibile sulle piattaforme social e siti web. 1\u00b0 concerto venerd\u00ec 25 dicembre alle ore 18:00 Link di riferimento della trasmissione on line: https:\/\/www.facebook.com\/DirezioneMuseiStatalidellacittadiRoma &nbsp;Per info ufficio promozione e stampa: dms-rm.ufficiosocial@beniculturali.it PROGRAMMA &#8212;&#8212;&#8212;&#8212;&#8212;&#8212;&#8212;&#8212;&#8212;&#8212; &nbsp;PANTHEON \u2013 Basilica di Santa Maria ad Martyres Michele Gasbarro I Concerti Grossi da Chiesa di Arcangelo Corelli Orchestra del Roma Festival Barocco, 12 elementi &nbsp; MUSEO NAZIONALE DEGLI STRUMENTI MUSICALI Un progetto di installazione musicale di Luigi Cinque Le stanze della musica Lectio Improvvisalis Ensembles, 8 elementi &nbsp; MUSEO NAZIONALE di CASTEL SANT\u2019ANGELO Roma Tre Orchestra Orchestra da camera da Bach a Respighi 18 elementi &nbsp; MUSEO HENDRIK CHRISTIAN ANDERSEN Marco Sinopoli Aleatology Jazz, sonorit\u00e0 sperimentali e improvvisazioni, 6 elementi &nbsp; GALLERIA SPADA Ensemble Utfasol Quintetto di musica rinascimentale e barocca &nbsp; MUSEO MARIO PRAZ Redi Hasa &amp; Rocco Nigro MUSEO BONCOMPAGNI LUDOVISI Marco Sinopoli &amp; Roberto Gatto Cristalli Quartetto di musica classica, sperimentale ed elettronica &nbsp; BASILICA DI SAN CESAREO DE APPIA Giovannangelo De Gennaro con l\u2019Ensemble Calixtinus DEUS ADIUVA NOS! Canti per la Festa di San Giacomo di Compostella, 8 elementi (Codex Calixtinus sex XII) &nbsp; SANTUARIO ETRUSCO DELL\u2019 APOLLO AREA ARCHEOLOGICA DI VEIO Luigi Cinque e Giovanna Famulari Dialogo Reinterpretazione di musiche arcaiche e moderne in dialogo con la letteratura classica e popolare<\/p>\n","protected":false},"author":1,"featured_media":0,"comment_status":"closed","ping_status":"closed","sticky":false,"template":"","format":"standard","meta":{"om_disable_all_campaigns":false,"footnotes":""},"categories":[68,69,70,73,74,75,109,76,119,112],"tags":[],"pp_force_visibility":null,"pp_subpost_visibility":null,"pp_inherited_force_visibility":null,"pp_inherited_subpost_visibility":null,"aioseo_notices":[],"_links":{"self":[{"href":"https:\/\/direzionemuseiroma.cultura.gov.it\/en\/wp-json\/wp\/v2\/posts\/18483"}],"collection":[{"href":"https:\/\/direzionemuseiroma.cultura.gov.it\/en\/wp-json\/wp\/v2\/posts"}],"about":[{"href":"https:\/\/direzionemuseiroma.cultura.gov.it\/en\/wp-json\/wp\/v2\/types\/post"}],"author":[{"embeddable":true,"href":"https:\/\/direzionemuseiroma.cultura.gov.it\/en\/wp-json\/wp\/v2\/users\/1"}],"replies":[{"embeddable":true,"href":"https:\/\/direzionemuseiroma.cultura.gov.it\/en\/wp-json\/wp\/v2\/comments?post=18483"}],"version-history":[{"count":0,"href":"https:\/\/direzionemuseiroma.cultura.gov.it\/en\/wp-json\/wp\/v2\/posts\/18483\/revisions"}],"wp:attachment":[{"href":"https:\/\/direzionemuseiroma.cultura.gov.it\/en\/wp-json\/wp\/v2\/media?parent=18483"}],"wp:term":[{"taxonomy":"category","embeddable":true,"href":"https:\/\/direzionemuseiroma.cultura.gov.it\/en\/wp-json\/wp\/v2\/categories?post=18483"},{"taxonomy":"post_tag","embeddable":true,"href":"https:\/\/direzionemuseiroma.cultura.gov.it\/en\/wp-json\/wp\/v2\/tags?post=18483"}],"curies":[{"name":"wp","href":"https:\/\/api.w.org\/{rel}","templated":true}]}}