{"id":18469,"date":"2021-03-20T20:03:56","date_gmt":"2021-03-20T19:03:56","guid":{"rendered":"https:\/\/direzionemuseiroma.cultura.gov.it\/dantedi-letture-dantesche-e-opere-darte-nei-musei-statali-della-citta-di-roma\/"},"modified":"2021-03-20T20:03:56","modified_gmt":"2021-03-20T19:03:56","slug":"dantedi-letture-dantesche-e-opere-darte-nei-musei-statali-della-citta-di-roma","status":"publish","type":"post","link":"https:\/\/direzionemuseiroma.cultura.gov.it\/en\/dantedi-letture-dantesche-e-opere-darte-nei-musei-statali-della-citta-di-roma\/","title":{"rendered":"Danted\u00ec &#8211; Letture dantesche e opere d\u2019arte nei Musei Statali della Citt\u00e0 di Roma"},"content":{"rendered":"<p><img decoding=\"async\" loading=\"lazy\" width=\"831\" height=\"794\" src=\"https:\/\/direzionemuseiroma.cultura.gov.it\/wp-content\/uploads\/2021\/03\/poetadivino_sfondoMIC.jpg\" alt=\"\" srcset=\"https:\/\/direzionemuseiroma.cultura.gov.it\/wp-content\/uploads\/2021\/03\/poetadivino_sfondoMIC.jpg 831w, https:\/\/direzionemuseiroma.cultura.gov.it\/wp-content\/uploads\/2021\/03\/poetadivino_sfondoMIC-300x287.jpg 300w, https:\/\/direzionemuseiroma.cultura.gov.it\/wp-content\/uploads\/2021\/03\/poetadivino_sfondoMIC-768x734.jpg 768w\" sizes=\"(max-width: 831px) 100vw, 831px\" \/>\t\t\t\t\t\t\t\t\t\t\t<\/p>\n<h3>\u00a0Il 25 marzo \u00e8 la data che gli studiosi individuano come l\u2019inizio del viaggio ultraterreno immaginario della Divina Commedia e che, a partire dallo scorso anno \u00e8 stata istituita per celebrare colui che rappresenta la lingua italiana e la sua cultura.<\/h3>\n<h4>Anche la Direzione dei Musei Statali della Citt\u00e0 di Roma aderisce al <strong>Danted\u00ec 2021 <\/strong>con un&#8217;iniziativa promossa dalla dirigente Mariastella Margozzi e dai direttori dei siti Matilde Amaturo, Adriana Capriotti, Maria Giuseppina Di Monte, Alessandra Gobbi, Sonia Martone e Luca Mercuri. Un&#8217;opera d&#8217;arte o un luogo specifico, scelti dai direttori, saranno avvicinati idealmente ad alcuni canti della <em>Divina Commedia, <\/em>recitati da cinque attori professionisti del teatro italiano all&#8217;interno dei Musei. I recitati, commentati dalle suggestive immagini dei nostri luoghi della cultura, saranno presentati online il 25 marzo.<br \/>\nSi inizier\u00e0 il viaggio da Castel Sant\u2019Angelo sul Ponte Elio, oggi Ponte Sant\u2019Angelo, immersi nell\u2019 XVIII canto dell\u2019<em>Inferno; <\/em>si passer\u00e0 poi con il XVIII canto del <em>Paradiso <\/em>alla Galleria Spada e un dipinto caravaggesco dei Santi Pietro e Paolo di Giovanni Baglione; da qui si arriver\u00e0 al Museo Boncompagni Ludovisi con il XXVIII canto del <em>Purgatorio<\/em>, che nel Salone delle vedute ci far\u00e0 immergere nell\u2019Eden dove troveremo Dante e Matelda.<br \/>\nIl percorso continuer\u00e0 al Museo Mario Praz nel Limbo del IV canto dell\u2019<em>Inferno <\/em>e, ancora, nel Salotto di Giovanni Sgambati, conservato al Museo Nazionale degli Strumenti Musicali, dove con il V canto dell\u2019<em>Inferno <\/em>incontreremo l\u2019amore tragico di Paolo e Francesca; infine, con il X canto del <em>Purgatorio <\/em>ammireremo l\u2019Annunciazione di Melozzo da Forl\u00ec nella Basilica di Santa Maria ad Martyres \u2013 Pantheon.<br \/>\nLa parte dedicata alla <em>Divina Commedia <\/em>di Dante terminer\u00e0 nel Santuario etrusco dell\u2019Apollo, nell\u2019area archeologica di Veio, dove con il I e II canto del Paradiso ascolteremo l\u2019invocazione di Dante ad Apollo e Minerva per essere assistito nel raccontare la propria esperienza celestiale.<br \/>\nMa \u00e8 sembrato anche opportuno dedicare un segmento ai due incontri di Dante con l\u2019amata Beatrice nei 9 e 18 anni di lei. Andremo quindi al Museo Andersen ad ascoltare, davanti al bassorilievo di Hendrik Christian Andersen che li raffigura, il II e III capitolo della <em>Vita Nova<\/em>.<br \/>\nGli attori con i quali affronteremo questo viaggio e che reciteranno per noi Dante sono Marco Cavalcoli, Lorenzo Gioielli, Elvira Frosini, Daniele Timpano e Massimo Verdastro.<\/h4>\n<h4>Cura e realizzazione: Anna Selvi.<\/h4>\n<h4>L\u2019intera serie di recitati dedicata a Dante sar\u00e0 fruibile on-line sulle piattaforme social e siti web sia del MIC che della Direzione Musei Statali della Citt\u00e0 di Roma il 25 marzo 2021.<\/h4>\n<p><strong><em>Link per la fruizione:<\/em><\/strong><br \/><a href=\"https:\/\/direzionemuseiroma.cultura.gov.it\/en\/\" target=\"_blank\" rel=\"noopener noreferrer\">Sito web Direzione Musei Statali della citt\u00e0 di Roma<\/a><br \/><a href=\"https:\/\/www.facebook.com\/DirezioneMuseiStatalidellaCittadiRoma\" target=\"_blank\" rel=\"noopener noreferrer\">pagina Facebook<\/a><br \/><em><a href=\"https:\/\/www.youtube.com\/channel\/UC9MJOPHvP3JiUNGP5YORu-g\" target=\"_blank\" rel=\"noopener noreferrer\">canale YouTube<\/a><\/em><\/p>\n<p><strong><em>Per informazioni:<\/em><\/strong><br \/>Ufficio promozione: dms-rm.social@beniculturali.it<br \/>Ufficio danza e teatro: anna.selvi@beniculturali.it<\/p>\n<p style=\"text-align: center;\"><strong>PROGRAMMA<\/strong><\/p>\n<p>\t\t\t\t\t\t\t\t\t\t<img decoding=\"async\" loading=\"lazy\" width=\"724\" height=\"1024\" src=\"https:\/\/direzionemuseiroma.cultura.gov.it\/wp-content\/uploads\/2021\/03\/Dantedi-programma_001-724x1024.jpg\" alt=\"\" srcset=\"https:\/\/direzionemuseiroma.cultura.gov.it\/wp-content\/uploads\/2021\/03\/Dantedi-programma_001-724x1024.jpg 724w, https:\/\/direzionemuseiroma.cultura.gov.it\/wp-content\/uploads\/2021\/03\/Dantedi-programma_001-212x300.jpg 212w, https:\/\/direzionemuseiroma.cultura.gov.it\/wp-content\/uploads\/2021\/03\/Dantedi-programma_001-768x1086.jpg 768w, https:\/\/direzionemuseiroma.cultura.gov.it\/wp-content\/uploads\/2021\/03\/Dantedi-programma_001-1086x1536.jpg 1086w, https:\/\/direzionemuseiroma.cultura.gov.it\/wp-content\/uploads\/2021\/03\/Dantedi-programma_001.jpg 1241w\" sizes=\"(max-width: 724px) 100vw, 724px\" \/>\t\t\t\t\t\t\t\t\t\t\t<\/p>\n<p><a href=\"https:\/\/direzionemuseiroma.cultura.gov.it\/wp-content\/uploads\/2021\/03\/Dantedi-programma_001.pdf\" target=\"_blank\" rel=\"noopener noreferrer\"><strong>Scarica il programma<\/strong><\/a><\/p>\n","protected":false},"excerpt":{"rendered":"<p>\u00a0Il 25 marzo \u00e8 la data che gli studiosi individuano come l\u2019inizio del viaggio ultraterreno immaginario della Divina Commedia e che, a partire dallo scorso anno \u00e8 stata istituita per celebrare colui che rappresenta la lingua italiana e la sua cultura. Anche la Direzione dei Musei Statali della Citt\u00e0 di Roma aderisce al Danted\u00ec 2021 con un&#8217;iniziativa promossa dalla dirigente Mariastella Margozzi e dai direttori dei siti Matilde Amaturo, Adriana Capriotti, Maria Giuseppina Di Monte, Alessandra Gobbi, Sonia Martone e Luca Mercuri. Un&#8217;opera d&#8217;arte o un luogo specifico, scelti dai direttori, saranno avvicinati idealmente ad alcuni canti della Divina Commedia, recitati da cinque attori professionisti del teatro italiano all&#8217;interno dei Musei. I recitati, commentati dalle suggestive immagini dei nostri luoghi della cultura, saranno presentati online il 25 marzo. Si inizier\u00e0 il viaggio da Castel Sant\u2019Angelo sul Ponte Elio, oggi Ponte Sant\u2019Angelo, immersi nell\u2019 XVIII canto dell\u2019Inferno; si passer\u00e0 poi con il XVIII canto del Paradiso alla Galleria Spada e un dipinto caravaggesco dei Santi Pietro e Paolo di Giovanni Baglione; da qui si arriver\u00e0 al Museo Boncompagni Ludovisi con il XXVIII canto del Purgatorio, che nel Salone delle vedute ci far\u00e0 immergere nell\u2019Eden dove troveremo Dante e Matelda. Il percorso continuer\u00e0 al Museo Mario Praz nel Limbo del IV canto dell\u2019Inferno e, ancora, nel Salotto di Giovanni Sgambati, conservato al Museo Nazionale degli Strumenti Musicali, dove con il V canto dell\u2019Inferno incontreremo l\u2019amore tragico di Paolo e Francesca; infine, con il X canto del Purgatorio ammireremo l\u2019Annunciazione di Melozzo da Forl\u00ec nella Basilica di Santa Maria ad Martyres \u2013 Pantheon. La parte dedicata alla Divina Commedia di Dante terminer\u00e0 nel Santuario etrusco dell\u2019Apollo, nell\u2019area archeologica di Veio, dove con il I e II canto del Paradiso ascolteremo l\u2019invocazione di Dante ad Apollo e Minerva per essere assistito nel raccontare la propria esperienza celestiale. Ma \u00e8 sembrato anche opportuno dedicare un segmento ai due incontri di Dante con l\u2019amata Beatrice nei 9 e 18 anni di lei. Andremo quindi al Museo Andersen ad ascoltare, davanti al bassorilievo di Hendrik Christian Andersen che li raffigura, il II e III capitolo della Vita Nova. Gli attori con i quali affronteremo questo viaggio e che reciteranno per noi Dante sono Marco Cavalcoli, Lorenzo Gioielli, Elvira Frosini, Daniele Timpano e Massimo Verdastro. Cura e realizzazione: Anna Selvi. L\u2019intera serie di recitati dedicata a Dante sar\u00e0 fruibile on-line sulle piattaforme social e siti web sia del MIC che della Direzione Musei Statali della Citt\u00e0 di Roma il 25 marzo 2021. Link per la fruizione:Sito web Direzione Musei Statali della citt\u00e0 di Romapagina Facebookcanale YouTube Per informazioni:Ufficio promozione: dms-rm.social@beniculturali.itUfficio danza e teatro: anna.selvi@beniculturali.it PROGRAMMA Scarica il programma<\/p>\n","protected":false},"author":1,"featured_media":0,"comment_status":"closed","ping_status":"open","sticky":false,"template":"","format":"standard","meta":{"om_disable_all_campaigns":false,"footnotes":""},"categories":[68,69,70,72,73,74,75,109,76,119],"tags":[],"pp_force_visibility":null,"pp_subpost_visibility":null,"pp_inherited_force_visibility":null,"pp_inherited_subpost_visibility":null,"aioseo_notices":[],"_links":{"self":[{"href":"https:\/\/direzionemuseiroma.cultura.gov.it\/en\/wp-json\/wp\/v2\/posts\/18469"}],"collection":[{"href":"https:\/\/direzionemuseiroma.cultura.gov.it\/en\/wp-json\/wp\/v2\/posts"}],"about":[{"href":"https:\/\/direzionemuseiroma.cultura.gov.it\/en\/wp-json\/wp\/v2\/types\/post"}],"author":[{"embeddable":true,"href":"https:\/\/direzionemuseiroma.cultura.gov.it\/en\/wp-json\/wp\/v2\/users\/1"}],"replies":[{"embeddable":true,"href":"https:\/\/direzionemuseiroma.cultura.gov.it\/en\/wp-json\/wp\/v2\/comments?post=18469"}],"version-history":[{"count":0,"href":"https:\/\/direzionemuseiroma.cultura.gov.it\/en\/wp-json\/wp\/v2\/posts\/18469\/revisions"}],"wp:attachment":[{"href":"https:\/\/direzionemuseiroma.cultura.gov.it\/en\/wp-json\/wp\/v2\/media?parent=18469"}],"wp:term":[{"taxonomy":"category","embeddable":true,"href":"https:\/\/direzionemuseiroma.cultura.gov.it\/en\/wp-json\/wp\/v2\/categories?post=18469"},{"taxonomy":"post_tag","embeddable":true,"href":"https:\/\/direzionemuseiroma.cultura.gov.it\/en\/wp-json\/wp\/v2\/tags?post=18469"}],"curies":[{"name":"wp","href":"https:\/\/api.w.org\/{rel}","templated":true}]}}