{"id":18467,"date":"2021-03-25T16:10:32","date_gmt":"2021-03-25T15:10:32","guid":{"rendered":"https:\/\/direzionemuseiroma.cultura.gov.it\/dantedi-letture-dantesche-e-opere-darte-nei-musei-statali-della-citta-di-roma-castel-santangelo\/"},"modified":"2021-03-25T16:10:32","modified_gmt":"2021-03-25T15:10:32","slug":"dantedi-letture-dantesche-e-opere-darte-nei-musei-statali-della-citta-di-roma-castel-santangelo","status":"publish","type":"post","link":"https:\/\/direzionemuseiroma.cultura.gov.it\/en\/dantedi-letture-dantesche-e-opere-darte-nei-musei-statali-della-citta-di-roma-castel-santangelo\/","title":{"rendered":"Danted\u00ec \u2013 Letture dantesche e opere d\u2019arte nei Musei Statali della Citt\u00e0 di Roma &#8211; Castel Sant&#8217;Angelo"},"content":{"rendered":"<p><img decoding=\"async\" loading=\"lazy\" src=\"https:\/\/direzionemuseiroma.cultura.gov.it\/wp-content\/uploads\/2021\/03\/Dantedi_Castello_uff-768x1024.jpg\" sizes=\"(max-width: 768px) 100vw, 768px\" srcset=\"https:\/\/direzionemuseiroma.cultura.gov.it\/wp-content\/uploads\/2021\/03\/Dantedi_Castello_uff-768x1024.jpg 768w, https:\/\/direzionemuseiroma.cultura.gov.it\/wp-content\/uploads\/2021\/03\/Dantedi_Castello_uff-225x300.jpg 225w, https:\/\/direzionemuseiroma.cultura.gov.it\/wp-content\/uploads\/2021\/03\/Dantedi_Castello_uff-1152x1536.jpg 1152w, https:\/\/direzionemuseiroma.cultura.gov.it\/wp-content\/uploads\/2021\/03\/Dantedi_Castello_uff.jpg 1200w\" alt=\"\" width=\"768\" height=\"1024\" \/><\/p>\n<h3>Il nostro viaggio inizia proprio da Castel Sant\u2019Angelo sul Ponte Elio, teatro delle \u201cMalebolge\u201d dantesche e da dove il Direttore, Mariastella Margozzi ha scelto il XVIII canto dell\u2019Inferno che, per similitudine terrena, ricorda i pellegrini giunti a Roma per il Giubileo di Bonifacio VIII nel 1300 e che viaggiavano su 2 sensi: uno verso San Pietro e l\u2019altro verso il Monte (oggi Monte Giordano)<\/h3>\n<h3>La lettura \u00e8 di Marco Cavalcoli.<\/h3>\n<p><strong><em>Link per la fruizione:<\/em><\/strong><br \/>\n<a href=\"https:\/\/www.facebook.com\/DirezioneMuseiStatalidellaCittadiRoma\" target=\"_blank\" rel=\"noopener noreferrer\">pagina facebook della Direzione Musei Statali della citt\u00e0 di Roma<\/a><br \/>\n<a href=\"https:\/\/direzionemuseiroma.cultura.gov.it\/en\/\" target=\"_blank\" rel=\"noopener noreferrer\">Sito web Direzione Musei Statali della citt\u00e0 di Roma<\/a><br \/>\n<em><a href=\"https:\/\/www.youtube.com\/channel\/UC9MJOPHvP3JiUNGP5YORu-g\" target=\"_blank\" rel=\"noopener noreferrer\">canale YouTube<\/a><\/em><\/p>\n<p><strong><em>Per informazioni:<\/em><\/strong><br \/>\nUfficio promozione: dms-rm.social@beniculturali.it<br \/>\nUfficio danza e teatro: anna.selvi@beniculturali.it<\/p>\n<p><iframe loading=\"lazy\" style=\"border: none; overflow: hidden;\" src=\"https:\/\/www.facebook.com\/plugins\/video.php?height=314&amp;href=https%3A%2F%2Fwww.facebook.com%2FDirezioneMuseiStatalidellaCittadiRoma%2Fvideos%2F451782172810627%2F&amp;show_text=false&amp;width=560\" width=\"560\" height=\"314\" frameborder=\"0\" scrolling=\"no\" allowfullscreen=\"allowfullscreen\"><\/iframe><\/p>\n","protected":false},"excerpt":{"rendered":"<p>Il nostro viaggio inizia proprio da Castel Sant\u2019Angelo sul Ponte Elio, teatro delle \u201cMalebolge\u201d dantesche e da dove il Direttore, Mariastella Margozzi ha scelto il XVIII canto dell\u2019Inferno che, per similitudine terrena, ricorda i pellegrini giunti a Roma per il Giubileo di Bonifacio VIII nel 1300 e che viaggiavano su 2 sensi: uno verso San Pietro e l\u2019altro verso il Monte (oggi Monte Giordano) La lettura \u00e8 di Marco Cavalcoli. Link per la fruizione: pagina facebook della Direzione Musei Statali della citt\u00e0 di Roma Sito web Direzione Musei Statali della citt\u00e0 di Roma canale YouTube Per informazioni: Ufficio promozione: dms-rm.social@beniculturali.it Ufficio danza e teatro: anna.selvi@beniculturali.it<\/p>\n","protected":false},"author":1,"featured_media":0,"comment_status":"closed","ping_status":"open","sticky":false,"template":"","format":"standard","meta":{"om_disable_all_campaigns":false,"footnotes":""},"categories":[68,69,72],"tags":[],"pp_force_visibility":null,"pp_subpost_visibility":null,"pp_inherited_force_visibility":null,"pp_inherited_subpost_visibility":null,"aioseo_notices":[],"_links":{"self":[{"href":"https:\/\/direzionemuseiroma.cultura.gov.it\/en\/wp-json\/wp\/v2\/posts\/18467"}],"collection":[{"href":"https:\/\/direzionemuseiroma.cultura.gov.it\/en\/wp-json\/wp\/v2\/posts"}],"about":[{"href":"https:\/\/direzionemuseiroma.cultura.gov.it\/en\/wp-json\/wp\/v2\/types\/post"}],"author":[{"embeddable":true,"href":"https:\/\/direzionemuseiroma.cultura.gov.it\/en\/wp-json\/wp\/v2\/users\/1"}],"replies":[{"embeddable":true,"href":"https:\/\/direzionemuseiroma.cultura.gov.it\/en\/wp-json\/wp\/v2\/comments?post=18467"}],"version-history":[{"count":0,"href":"https:\/\/direzionemuseiroma.cultura.gov.it\/en\/wp-json\/wp\/v2\/posts\/18467\/revisions"}],"wp:attachment":[{"href":"https:\/\/direzionemuseiroma.cultura.gov.it\/en\/wp-json\/wp\/v2\/media?parent=18467"}],"wp:term":[{"taxonomy":"category","embeddable":true,"href":"https:\/\/direzionemuseiroma.cultura.gov.it\/en\/wp-json\/wp\/v2\/categories?post=18467"},{"taxonomy":"post_tag","embeddable":true,"href":"https:\/\/direzionemuseiroma.cultura.gov.it\/en\/wp-json\/wp\/v2\/tags?post=18467"}],"curies":[{"name":"wp","href":"https:\/\/api.w.org\/{rel}","templated":true}]}}