{"id":18466,"date":"2021-03-25T16:17:28","date_gmt":"2021-03-25T15:17:28","guid":{"rendered":"https:\/\/direzionemuseiroma.cultura.gov.it\/dantedi-letture-dantesche-e-opere-darte-nei-musei-statali-della-citta-di-roma-galleria-spada\/"},"modified":"2021-03-25T16:17:28","modified_gmt":"2021-03-25T15:17:28","slug":"dantedi-letture-dantesche-e-opere-darte-nei-musei-statali-della-citta-di-roma-galleria-spada","status":"publish","type":"post","link":"https:\/\/direzionemuseiroma.cultura.gov.it\/en\/dantedi-letture-dantesche-e-opere-darte-nei-musei-statali-della-citta-di-roma-galleria-spada\/","title":{"rendered":"Danted\u00ec \u2013 Letture dantesche e opere d\u2019arte nei Musei Statali della Citt\u00e0 di Roma &#8211; Galleria Spada"},"content":{"rendered":"<p><img decoding=\"async\" loading=\"lazy\" src=\"https:\/\/direzionemuseiroma.cultura.gov.it\/wp-content\/uploads\/2021\/03\/Dantedi_Spada_uff-776x1024.jpg\" sizes=\"(max-width: 776px) 100vw, 776px\" srcset=\"https:\/\/direzionemuseiroma.cultura.gov.it\/wp-content\/uploads\/2021\/03\/Dantedi_Spada_uff-776x1024.jpg 776w, https:\/\/direzionemuseiroma.cultura.gov.it\/wp-content\/uploads\/2021\/03\/Dantedi_Spada_uff-227x300.jpg 227w, https:\/\/direzionemuseiroma.cultura.gov.it\/wp-content\/uploads\/2021\/03\/Dantedi_Spada_uff-768x1014.jpg 768w, https:\/\/direzionemuseiroma.cultura.gov.it\/wp-content\/uploads\/2021\/03\/Dantedi_Spada_uff.jpg 1029w\" alt=\"\" width=\"776\" height=\"1024\" \/><\/p>\n<h3>Il viaggio prosegue alla Galleria Spada dove il Direttore Adriana Capriotti, ha scelto un dipinto caravaggesco dei Santi Pietro e Paolo di Giovanni Baglione per parlare dell\u2019onest\u00e0 e della giustizia attraverso il XVIII canto del Paradiso.<\/h3>\n<h3>La lettura \u00e8 di Massimo Verdastro.<\/h3>\n<p><strong><em>Link per la fruizione:<\/em><\/strong><br \/>\n<a href=\"https:\/\/www.facebook.com\/DirezioneMuseiStatalidellaCittadiRoma\" target=\"_blank\" rel=\"noopener noreferrer\">pagina facebook della Direzione Musei Statali della citt\u00e0 di Roma<\/a><br \/>\n<a href=\"https:\/\/direzionemuseiroma.cultura.gov.it\/en\/\" target=\"_blank\" rel=\"noopener noreferrer\">Sito web Direzione Musei Statali della citt\u00e0 di Roma<\/a><br \/>\n<em><a href=\"https:\/\/www.youtube.com\/channel\/UC9MJOPHvP3JiUNGP5YORu-g\" target=\"_blank\" rel=\"noopener noreferrer\">canale YouTube<\/a><\/em><\/p>\n<p><strong><em>Per informazioni:<\/em><\/strong><br \/>\nUfficio promozione: dms-rm.social@beniculturali.it<br \/>\nUfficio danza e teatro: anna.selvi@beniculturali.it<\/p>\n<p><iframe loading=\"lazy\" style=\"border: none; overflow: hidden;\" src=\"https:\/\/www.facebook.com\/plugins\/video.php?height=314&amp;href=https%3A%2F%2Fwww.facebook.com%2FDirezioneMuseiStatalidellaCittadiRoma%2Fvideos%2F270839251299492%2F&amp;show_text=false&amp;width=560\" width=\"560\" height=\"314\" frameborder=\"0\" scrolling=\"no\" allowfullscreen=\"allowfullscreen\"><\/iframe><\/p>\n","protected":false},"excerpt":{"rendered":"<p>Il viaggio prosegue alla Galleria Spada dove il Direttore Adriana Capriotti, ha scelto un dipinto caravaggesco dei Santi Pietro e Paolo di Giovanni Baglione per parlare dell\u2019onest\u00e0 e della giustizia attraverso il XVIII canto del Paradiso. La lettura \u00e8 di Massimo Verdastro. Link per la fruizione: pagina facebook della Direzione Musei Statali della citt\u00e0 di Roma Sito web Direzione Musei Statali della citt\u00e0 di Roma canale YouTube Per informazioni: Ufficio promozione: dms-rm.social@beniculturali.it Ufficio danza e teatro: anna.selvi@beniculturali.it<\/p>\n","protected":false},"author":1,"featured_media":0,"comment_status":"closed","ping_status":"open","sticky":false,"template":"","format":"standard","meta":{"om_disable_all_campaigns":false,"footnotes":""},"categories":[69,70,72],"tags":[],"pp_force_visibility":null,"pp_subpost_visibility":null,"pp_inherited_force_visibility":null,"pp_inherited_subpost_visibility":null,"aioseo_notices":[],"_links":{"self":[{"href":"https:\/\/direzionemuseiroma.cultura.gov.it\/en\/wp-json\/wp\/v2\/posts\/18466"}],"collection":[{"href":"https:\/\/direzionemuseiroma.cultura.gov.it\/en\/wp-json\/wp\/v2\/posts"}],"about":[{"href":"https:\/\/direzionemuseiroma.cultura.gov.it\/en\/wp-json\/wp\/v2\/types\/post"}],"author":[{"embeddable":true,"href":"https:\/\/direzionemuseiroma.cultura.gov.it\/en\/wp-json\/wp\/v2\/users\/1"}],"replies":[{"embeddable":true,"href":"https:\/\/direzionemuseiroma.cultura.gov.it\/en\/wp-json\/wp\/v2\/comments?post=18466"}],"version-history":[{"count":0,"href":"https:\/\/direzionemuseiroma.cultura.gov.it\/en\/wp-json\/wp\/v2\/posts\/18466\/revisions"}],"wp:attachment":[{"href":"https:\/\/direzionemuseiroma.cultura.gov.it\/en\/wp-json\/wp\/v2\/media?parent=18466"}],"wp:term":[{"taxonomy":"category","embeddable":true,"href":"https:\/\/direzionemuseiroma.cultura.gov.it\/en\/wp-json\/wp\/v2\/categories?post=18466"},{"taxonomy":"post_tag","embeddable":true,"href":"https:\/\/direzionemuseiroma.cultura.gov.it\/en\/wp-json\/wp\/v2\/tags?post=18466"}],"curies":[{"name":"wp","href":"https:\/\/api.w.org\/{rel}","templated":true}]}}