{"id":18465,"date":"2021-03-25T16:23:50","date_gmt":"2021-03-25T15:23:50","guid":{"rendered":"https:\/\/direzionemuseiroma.cultura.gov.it\/dantedi-letture-dantesche-e-opere-darte-nei-musei-statali-della-citta-di-roma-museo-praz\/"},"modified":"2021-03-25T16:23:50","modified_gmt":"2021-03-25T15:23:50","slug":"dantedi-letture-dantesche-e-opere-darte-nei-musei-statali-della-citta-di-roma-museo-praz","status":"publish","type":"post","link":"https:\/\/direzionemuseiroma.cultura.gov.it\/en\/dantedi-letture-dantesche-e-opere-darte-nei-musei-statali-della-citta-di-roma-museo-praz\/","title":{"rendered":"Danted\u00ec \u2013 Letture dantesche e opere d\u2019arte nei Musei Statali della Citt\u00e0 di Roma &#8211; Museo Praz"},"content":{"rendered":"<p><img decoding=\"async\" loading=\"lazy\" src=\"https:\/\/direzionemuseiroma.cultura.gov.it\/wp-content\/uploads\/2021\/03\/Dantedi_Praz_ufficiale-794x1024.jpg\" sizes=\"(max-width: 794px) 100vw, 794px\" srcset=\"https:\/\/direzionemuseiroma.cultura.gov.it\/wp-content\/uploads\/2021\/03\/Dantedi_Praz_ufficiale-794x1024.jpg 794w, https:\/\/direzionemuseiroma.cultura.gov.it\/wp-content\/uploads\/2021\/03\/Dantedi_Praz_ufficiale-233x300.jpg 233w, https:\/\/direzionemuseiroma.cultura.gov.it\/wp-content\/uploads\/2021\/03\/Dantedi_Praz_ufficiale-768x990.jpg 768w, https:\/\/direzionemuseiroma.cultura.gov.it\/wp-content\/uploads\/2021\/03\/Dantedi_Praz_ufficiale-1191x1536.jpg 1191w, https:\/\/direzionemuseiroma.cultura.gov.it\/wp-content\/uploads\/2021\/03\/Dantedi_Praz_ufficiale.jpg 1319w\" alt=\"\" width=\"794\" height=\"1024\" \/><\/p>\n<h3>Il percorso continua al Museo Mario Praz dove il direttore Maria Giuseppina Di Monte, decide di condurci nel Limbo del IV canto dell\u2019Inferno dove Dante, svegliato da un tuono tremendo, viene confortato da Virgilio mentre incontra anime illustri l\u00ec confinate solo per essere nate prima della venuta di Cristo<\/h3>\n<h3>La lettura \u00e8 di Massimo Verdastro<\/h3>\n<p><strong><em>Link per la fruizione:<\/em><\/strong><br \/>\n<a href=\"https:\/\/www.facebook.com\/DirezioneMuseiStatalidellaCittadiRoma\" target=\"_blank\" rel=\"noopener noreferrer\">pagina facebook della Direzione Musei Statali della citt\u00e0 di Roma<\/a><br \/>\n<a href=\"https:\/\/direzionemuseiroma.cultura.gov.it\/en\/\" target=\"_blank\" rel=\"noopener noreferrer\">Sito web Direzione Musei Statali della citt\u00e0 di Roma<\/a><br \/>\n<em><a href=\"https:\/\/www.youtube.com\/channel\/UC9MJOPHvP3JiUNGP5YORu-g\" target=\"_blank\" rel=\"noopener noreferrer\">canale YouTube<\/a><\/em><\/p>\n<p><strong><em>Per informazioni:<\/em><\/strong><br \/>\nUfficio promozione: dms-rm.social@beniculturali.it<br \/>\nUfficio danza e teatro: anna.selvi@beniculturali.it<\/p>\n<p><iframe loading=\"lazy\" style=\"border: none; overflow: hidden;\" src=\"https:\/\/www.facebook.com\/plugins\/video.php?height=314&amp;href=https%3A%2F%2Fwww.facebook.com%2FDirezioneMuseiStatalidellaCittadiRoma%2Fvideos%2F440384690583975%2F&amp;show_text=false&amp;width=560\" width=\"560\" height=\"314\" frameborder=\"0\" scrolling=\"no\" allowfullscreen=\"allowfullscreen\"><\/iframe><\/p>\n","protected":false},"excerpt":{"rendered":"<p>Il percorso continua al Museo Mario Praz dove il direttore Maria Giuseppina Di Monte, decide di condurci nel Limbo del IV canto dell\u2019Inferno dove Dante, svegliato da un tuono tremendo, viene confortato da Virgilio mentre incontra anime illustri l\u00ec confinate solo per essere nate prima della venuta di Cristo La lettura \u00e8 di Massimo Verdastro Link per la fruizione: pagina facebook della Direzione Musei Statali della citt\u00e0 di Roma Sito web Direzione Musei Statali della citt\u00e0 di Roma canale YouTube Per informazioni: Ufficio promozione: dms-rm.social@beniculturali.it Ufficio danza e teatro: anna.selvi@beniculturali.it<\/p>\n","protected":false},"author":1,"featured_media":0,"comment_status":"closed","ping_status":"open","sticky":false,"template":"","format":"standard","meta":{"om_disable_all_campaigns":false,"footnotes":""},"categories":[69,72,109],"tags":[],"pp_force_visibility":null,"pp_subpost_visibility":null,"pp_inherited_force_visibility":null,"pp_inherited_subpost_visibility":null,"aioseo_notices":[],"_links":{"self":[{"href":"https:\/\/direzionemuseiroma.cultura.gov.it\/en\/wp-json\/wp\/v2\/posts\/18465"}],"collection":[{"href":"https:\/\/direzionemuseiroma.cultura.gov.it\/en\/wp-json\/wp\/v2\/posts"}],"about":[{"href":"https:\/\/direzionemuseiroma.cultura.gov.it\/en\/wp-json\/wp\/v2\/types\/post"}],"author":[{"embeddable":true,"href":"https:\/\/direzionemuseiroma.cultura.gov.it\/en\/wp-json\/wp\/v2\/users\/1"}],"replies":[{"embeddable":true,"href":"https:\/\/direzionemuseiroma.cultura.gov.it\/en\/wp-json\/wp\/v2\/comments?post=18465"}],"version-history":[{"count":0,"href":"https:\/\/direzionemuseiroma.cultura.gov.it\/en\/wp-json\/wp\/v2\/posts\/18465\/revisions"}],"wp:attachment":[{"href":"https:\/\/direzionemuseiroma.cultura.gov.it\/en\/wp-json\/wp\/v2\/media?parent=18465"}],"wp:term":[{"taxonomy":"category","embeddable":true,"href":"https:\/\/direzionemuseiroma.cultura.gov.it\/en\/wp-json\/wp\/v2\/categories?post=18465"},{"taxonomy":"post_tag","embeddable":true,"href":"https:\/\/direzionemuseiroma.cultura.gov.it\/en\/wp-json\/wp\/v2\/tags?post=18465"}],"curies":[{"name":"wp","href":"https:\/\/api.w.org\/{rel}","templated":true}]}}