{"id":18447,"date":"2021-06-15T13:06:28","date_gmt":"2021-06-15T11:06:28","guid":{"rendered":"https:\/\/direzionemuseiroma.cultura.gov.it\/festa-della-musica-galleria-spada-fugace-sorella-della-pittura-flauti-leonardeschi-nella-prospettiva-borrominiana\/"},"modified":"2021-06-15T13:06:28","modified_gmt":"2021-06-15T11:06:28","slug":"festa-della-musica-galleria-spada-fugace-sorella-della-pittura-flauti-leonardeschi-nella-prospettiva-borrominiana","status":"publish","type":"post","link":"https:\/\/direzionemuseiroma.cultura.gov.it\/en\/festa-della-musica-galleria-spada-fugace-sorella-della-pittura-flauti-leonardeschi-nella-prospettiva-borrominiana\/","title":{"rendered":"Festa della Musica &#8211; Galleria Spada &#8211; &#8216;Fugace sorella della pittura&#8217;: flauti leonardeschi nella Prospettiva borrominiana"},"content":{"rendered":"<p>Tra gli innumerevoli interessi di Leonardo da Vinci la musica riveste un ruolo importante, in relazione alla creazione pittorica e alle sue giuste proporzioni; molti sono gli strumenti musicali ideati dal grande artista, alcuni dei quali sperimentalmente realizzati in epoca moderna, con la finalit\u00e0 di meglio comprendere il suo percorso ideativo e scientifico.<\/p>\n<p>Nell\u2019ambito della Giornata della Musica 2021, la Galleria Spada \u00e8 lieta di presentare, grazie alla disponibilit\u00e0 dei M.i Flautisti Anne Kirchmeier ed Enrico Casularo, l\u2019esecuzione di una serie di musiche antiche eseguite con uno degli strumenti ideati da Leonardo, il \u201cflauto a fessure\u201d descritto e illustrato nel Codice Atlantico. L\u2019iniziativa, della durata di 30 minuti ca., si svolger\u00e0 nel Giardino Segreto di Palazzo Spada, dove si trova il mirabile artificio illusionistico di Borromini, la Prospettiva forzata.<\/p>\n<p>La prenotazione non \u00e8 obbligatoria, ma l\u2019accesso sar\u00e0 consentito fino ad esaurimento posti.<\/p>\n<p><strong>luned\u00ec 21 giugno ore 17.45 &#8211; durata: 30 minuti ca<\/strong><\/p>\n<p><strong><u>PROGRAMMA<\/u><\/strong><\/p>\n<p><strong>Anne Kirchmeier, flauto a fessure (ideato da Leonardo da Vinci)<\/strong><br \/>\ncon la partecipazione di Enrico Casularo, flauto traverso\u00a0rinascimentale.<br \/>\n<strong>\u00a0<\/strong><br \/>\n<strong>Improvvisazioni sui rebus di Leonardo da Vinci\u00a0<\/strong>\u201cL\u2019amore sol mi fa sollazzare\u201d\u00a0e &#8220;L&#8217;amore mi fa\u00a0remirare&#8221;<strong>\u00a0\u00a0\u00a0\u00a0\u00a0\u00a0\u00a0\u00a0\u00a0\u00a0\u00a0<\/strong><\/p>\n<p><strong>Josquin des Pr\u00e9s<\/strong>\u00a0(c.1440-1521): Canzona &#8220;Baisiezmoi&#8221;<\/p>\n<p><strong>Jacob van Eyck<\/strong>\u00a0(c. 1590-1657)\u00a0Der Engels Nachtegaeltje<\/p>\n<p><strong>Josquin des Pr\u00e9s<\/strong>\u00a0(c.1440-1521): Canzona &#8220;Je n\u2019oseplus&#8221;<\/p>\n<p><strong>Jacob.van Eyck: <\/strong>Fantasia &amp; Echo<\/p>\n<p><strong>D. da Piacenza<\/strong>(c.1290-c.1470) &#8220;Anello&#8221; (De arte saltandi\u00a0&amp; choreas ducendi, c.1459)<\/p>\n<p><strong>G.Bassano<\/strong>\u00a0(c.1560-1617): \u00a0Ricercata quarta<\/p>\n<p><strong>Anon.<\/strong> (Ms Q16 (1487), Bologna, XVe s.): &#8220;O generosa&#8221;; &#8220;La Chanson des Redictes&#8221;<\/p>\n<p><strong>G.Ebreo da Pesaro <\/strong>(c.1420 &#8211; p.1484)La Bassa Castiglia<\/p>\n<p><strong>Galleria Spada<\/strong><br \/>\nPiazza Capo di Ferro, 13<br \/>\n00186 Roma<\/p>\n<p><strong>Informazioni<\/strong><br \/>\nLa Galleria Spada \u00e8 aperta:<br \/>\n<strong>Dal luned\u00ec al venerd\u00ec<\/strong><strong>\u00a0<\/strong>(chiusura settimanale il marted\u00ec): orario 8.30-19.30 (ultimo biglietto ore 19.00).\u00a0Nessun obbligo di prenotazione per i singoli visitatori.<br \/>\nVisite guidate: gruppi di max 7 persone +1 guida con prenotazione obbligatoria tramite e-mail (palazzospada@gebart.it) oppure telefonicamente chiamando il numero 06 6832409\u200b (escluso il marted\u00ec).<\/p>\n<p><strong>Sabato e domenica<\/strong><strong>: <\/strong>orario 8.30-19.30 (ultimo biglietto ore 19.00). Obbligo di prenotazione del biglietto di ingresso per i singoli visitatori a fasce orarie predeterminate.\u00a0La prenotazione pu\u00f2 essere fatta al sito\u00a0<a href=\"https:\/\/www.gebart.it\/musei\/galleria-spada\/\">https:\/\/www.gebart.it\/musei\/galleria-spada\/<\/a>\u00a0o\u00a0chiamando il numero 06 32810 (attivo dal luned\u00ec al venerd\u00ec dalle 9.30 alle 18.00<\/p>\n<p>NON sono consentiti i gruppi nei giorni di sabato e domenica.<\/p>\n<p>Costo biglietto: 5 euro<\/p>\n<p>Sito web: <a href=\"https:\/\/dmsrm.futuretechlead.com\">https:\/\/dmsrm.futuretechlead.com<\/a>; <a href=\"http:\/\/galleriaspada.beniculturali.it\/\">http:\/\/galleriaspada.beniculturali.it<\/a><br \/>\nTwitter: @galleriaspada<br \/>\nInstagram: @galleriaspada<br \/>\n<a href=\"https:\/\/www.youtube.com\/c\/DirezioneMuseiStatalidellaCitt\u00e0diRoma\">YouTube:<\/a><\/p>\n<p><img decoding=\"async\" loading=\"lazy\" src=\"https:\/\/direzionemuseiroma.cultura.gov.it\/wp-content\/uploads\/2021\/06\/festa-della-Musica-manifesto2021-717x1024.jpg\" sizes=\"(max-width: 717px) 100vw, 717px\" srcset=\"https:\/\/direzionemuseiroma.cultura.gov.it\/wp-content\/uploads\/2021\/06\/festa-della-Musica-manifesto2021-717x1024.jpg 717w, https:\/\/direzionemuseiroma.cultura.gov.it\/wp-content\/uploads\/2021\/06\/festa-della-Musica-manifesto2021-210x300.jpg 210w, https:\/\/direzionemuseiroma.cultura.gov.it\/wp-content\/uploads\/2021\/06\/festa-della-Musica-manifesto2021-768x1097.jpg 768w, https:\/\/direzionemuseiroma.cultura.gov.it\/wp-content\/uploads\/2021\/06\/festa-della-Musica-manifesto2021.jpg 1000w\" alt=\"\" width=\"717\" height=\"1024\" \/><\/p>\n","protected":false},"excerpt":{"rendered":"<p>Tra gli innumerevoli interessi di Leonardo da Vinci la musica riveste un ruolo importante, in relazione alla creazione pittorica e alle sue giuste proporzioni; molti sono gli strumenti musicali ideati dal grande artista, alcuni dei quali sperimentalmente realizzati in epoca moderna, con la finalit\u00e0 di meglio comprendere il suo percorso ideativo e scientifico. Nell\u2019ambito della Giornata della Musica 2021, la Galleria Spada \u00e8 lieta di presentare, grazie alla disponibilit\u00e0 dei M.i Flautisti Anne Kirchmeier ed Enrico Casularo, l\u2019esecuzione di una serie di musiche antiche eseguite con uno degli strumenti ideati da Leonardo, il \u201cflauto a fessure\u201d descritto e illustrato nel Codice Atlantico. L\u2019iniziativa, della durata di 30 minuti ca., si svolger\u00e0 nel Giardino Segreto di Palazzo Spada, dove si trova il mirabile artificio illusionistico di Borromini, la Prospettiva forzata. La prenotazione non \u00e8 obbligatoria, ma l\u2019accesso sar\u00e0 consentito fino ad esaurimento posti. luned\u00ec 21 giugno ore 17.45 &#8211; durata: 30 minuti ca PROGRAMMA Anne Kirchmeier, flauto a fessure (ideato da Leonardo da Vinci) con la partecipazione di Enrico Casularo, flauto traverso\u00a0rinascimentale. \u00a0 Improvvisazioni sui rebus di Leonardo da Vinci\u00a0\u201cL\u2019amore sol mi fa sollazzare\u201d\u00a0e &#8220;L&#8217;amore mi fa\u00a0remirare&#8221;\u00a0\u00a0\u00a0\u00a0\u00a0\u00a0\u00a0\u00a0\u00a0\u00a0\u00a0 Josquin des Pr\u00e9s\u00a0(c.1440-1521): Canzona &#8220;Baisiezmoi&#8221; Jacob van Eyck\u00a0(c. 1590-1657)\u00a0Der Engels Nachtegaeltje Josquin des Pr\u00e9s\u00a0(c.1440-1521): Canzona &#8220;Je n\u2019oseplus&#8221; Jacob.van Eyck: Fantasia &amp; Echo D. da Piacenza(c.1290-c.1470) &#8220;Anello&#8221; (De arte saltandi\u00a0&amp; choreas ducendi, c.1459) G.Bassano\u00a0(c.1560-1617): \u00a0Ricercata quarta Anon. (Ms Q16 (1487), Bologna, XVe s.): &#8220;O generosa&#8221;; &#8220;La Chanson des Redictes&#8221; G.Ebreo da Pesaro (c.1420 &#8211; p.1484)La Bassa Castiglia Galleria Spada Piazza Capo di Ferro, 13 00186 Roma Informazioni La Galleria Spada \u00e8 aperta: Dal luned\u00ec al venerd\u00ec\u00a0(chiusura settimanale il marted\u00ec): orario 8.30-19.30 (ultimo biglietto ore 19.00).\u00a0Nessun obbligo di prenotazione per i singoli visitatori. Visite guidate: gruppi di max 7 persone +1 guida con prenotazione obbligatoria tramite e-mail (palazzospada@gebart.it) oppure telefonicamente chiamando il numero 06 6832409\u200b (escluso il marted\u00ec). Sabato e domenica: orario 8.30-19.30 (ultimo biglietto ore 19.00). Obbligo di prenotazione del biglietto di ingresso per i singoli visitatori a fasce orarie predeterminate.\u00a0La prenotazione pu\u00f2 essere fatta al sito\u00a0https:\/\/www.gebart.it\/musei\/galleria-spada\/\u00a0o\u00a0chiamando il numero 06 32810 (attivo dal luned\u00ec al venerd\u00ec dalle 9.30 alle 18.00 NON sono consentiti i gruppi nei giorni di sabato e domenica. Costo biglietto: 5 euro Sito web: https:\/\/dmsrm.futuretechlead.com; http:\/\/galleriaspada.beniculturali.it Twitter: @galleriaspada Instagram: @galleriaspada YouTube:<\/p>\n","protected":false},"author":1,"featured_media":0,"comment_status":"closed","ping_status":"open","sticky":false,"template":"","format":"standard","meta":{"om_disable_all_campaigns":false,"footnotes":""},"categories":[69,70,75,112],"tags":[],"pp_force_visibility":null,"pp_subpost_visibility":null,"pp_inherited_force_visibility":null,"pp_inherited_subpost_visibility":null,"aioseo_notices":[],"_links":{"self":[{"href":"https:\/\/direzionemuseiroma.cultura.gov.it\/en\/wp-json\/wp\/v2\/posts\/18447"}],"collection":[{"href":"https:\/\/direzionemuseiroma.cultura.gov.it\/en\/wp-json\/wp\/v2\/posts"}],"about":[{"href":"https:\/\/direzionemuseiroma.cultura.gov.it\/en\/wp-json\/wp\/v2\/types\/post"}],"author":[{"embeddable":true,"href":"https:\/\/direzionemuseiroma.cultura.gov.it\/en\/wp-json\/wp\/v2\/users\/1"}],"replies":[{"embeddable":true,"href":"https:\/\/direzionemuseiroma.cultura.gov.it\/en\/wp-json\/wp\/v2\/comments?post=18447"}],"version-history":[{"count":0,"href":"https:\/\/direzionemuseiroma.cultura.gov.it\/en\/wp-json\/wp\/v2\/posts\/18447\/revisions"}],"wp:attachment":[{"href":"https:\/\/direzionemuseiroma.cultura.gov.it\/en\/wp-json\/wp\/v2\/media?parent=18447"}],"wp:term":[{"taxonomy":"category","embeddable":true,"href":"https:\/\/direzionemuseiroma.cultura.gov.it\/en\/wp-json\/wp\/v2\/categories?post=18447"},{"taxonomy":"post_tag","embeddable":true,"href":"https:\/\/direzionemuseiroma.cultura.gov.it\/en\/wp-json\/wp\/v2\/tags?post=18447"}],"curies":[{"name":"wp","href":"https:\/\/api.w.org\/{rel}","templated":true}]}}