{"id":18425,"date":"2021-10-20T11:05:21","date_gmt":"2021-10-20T09:05:21","guid":{"rendered":"https:\/\/direzionemuseiroma.cultura.gov.it\/il-24-ottobre-al-museo-andersen-presentazione-del-libro-dartista-muddichi\/"},"modified":"2021-10-20T11:05:21","modified_gmt":"2021-10-20T09:05:21","slug":"il-24-ottobre-al-museo-andersen-presentazione-del-libro-dartista-muddichi","status":"publish","type":"post","link":"https:\/\/direzionemuseiroma.cultura.gov.it\/en\/il-24-ottobre-al-museo-andersen-presentazione-del-libro-dartista-muddichi\/","title":{"rendered":"il 24 ottobre al Museo Andersen presentazione del libro d&#8217;artista Muddichi"},"content":{"rendered":"<p>Il giorno 24 ottobre 2021 alle ore 11.00, in occasione del finissage della mostra personale di\u00a0Giuseppe Modica, Atelier Giuseppe Modica Opere 1990 &#8211; 2021 al Museo Hendrik Christian Andersen, diretto da Maria Giuseppina Di Monte e afferente alla Direzione dei Musei Statali della Citt\u00e0 di Roma, diretta da Mariastella Margozzi, sar\u00e0 presentato il libro d\u2019artista Muddichi (Molliche) per le Edizioni Il Bulino di Sergio Pandolfini.<\/p>\n<p>All\u2019introduzione di Maria Giuseppina Di Monte seguiranno gli interventi di Giuseppe Appella, Giuseppe Modica, Sergio Pandolfini, Elio Pecora e Gabriele Simongini.<\/p>\n<p>Il volume, stampato su carta Hahnem\u00fchle con un formato (chiuso) di cm 39,5x 27,0 ed allestito con cucitura a mano, contiene dieci poesie ed un racconto di Nino De Vita e cinque incisioni di Giuseppe Modica.<\/p>\n<p>Nino De Vita \u00e8 un poeta che compone versi nel dialetto (nel vecchio dialetto) di Cutus\u00eco, una piccola contrada di Marsala. La sua ispirazione rimanda a un ruolo arcaico, che precede, si pu\u00f2 dire, ogni distinzione fra generi letterari. Con questa contrada, dove \u00e8 nato e vive, De Vita ha un legame viscerale: un microcosmo, che \u00e8 diventato nel tempo il territorio della poesia, della sua poesia. De Vita racconta un mondo intimo, di piccole cose quotidiane, le Muddiche appunto, che diventano strumento di scavo in un mondo ancestrale che appartiene anche a tutti noi.<\/p>\n<p>\u00c8 questa la chiave di lettura che lega l\u2019opera poetica di Nino De Vita con il lavoro incisorio, e non, di Giuseppe Modica. Guardare il mondo intorno, leggere le tracce del passato, registrare le trasformazioni della luce e con la luce strutturare le forme, questo fa Modica nelle incisioni che si affiancano alle poesie di De Vita, restituendo un insieme di visioni che hanno a che vedere con un tempo sospeso che coniuga realt\u00e0 e memoria. Sono frammenti di realt\u00e0 vissuta e memoria e attraverso il tempo lento della meditazione diventano apparizioni e riflessioni.<\/p>\n<p><strong>INGRESSO LIBERO \u2013 OBBLIGATORIO PRESENTARE IL GREEN PASS<\/strong><\/p>\n<p>&#8212;&#8212;&#8212;&#8212;&#8212;&#8212;&#8212;&#8212;&#8212;&#8212;&#8211;<br \/>\n<a href=\"https:\/\/direzionemuseiroma.cultura.gov.it\/wp-content\/uploads\/2021\/10\/cs_presentazione-del-libro-dartista-Muddichi.pdf\" target=\"_blank\" rel=\"noopener noreferrer\">Comunicato stampa<\/a><br \/>\n&#8212;&#8212;&#8212;&#8212;&#8212;&#8212;&#8212;&#8212;&#8212;&#8212;&#8211;<\/p>\n<p><img decoding=\"async\" loading=\"lazy\" src=\"https:\/\/direzionemuseiroma.cultura.gov.it\/wp-content\/uploads\/2021\/10\/Andersen-presentazione-del-libro-d\u2019artista-Muddichi-1024x724.jpg\" sizes=\"(max-width: 1024px) 100vw, 1024px\" srcset=\"https:\/\/direzionemuseiroma.cultura.gov.it\/wp-content\/uploads\/2021\/10\/Andersen-presentazione-del-libro-d\u2019artista-Muddichi-1024x724.jpg 1024w, https:\/\/direzionemuseiroma.cultura.gov.it\/wp-content\/uploads\/2021\/10\/Andersen-presentazione-del-libro-d\u2019artista-Muddichi-300x212.jpg 300w, https:\/\/direzionemuseiroma.cultura.gov.it\/wp-content\/uploads\/2021\/10\/Andersen-presentazione-del-libro-d\u2019artista-Muddichi-768x543.jpg 768w, https:\/\/direzionemuseiroma.cultura.gov.it\/wp-content\/uploads\/2021\/10\/Andersen-presentazione-del-libro-d\u2019artista-Muddichi-1536x1086.jpg 1536w, https:\/\/direzionemuseiroma.cultura.gov.it\/wp-content\/uploads\/2021\/10\/Andersen-presentazione-del-libro-d\u2019artista-Muddichi-310x220.jpg 310w, https:\/\/direzionemuseiroma.cultura.gov.it\/wp-content\/uploads\/2021\/10\/Andersen-presentazione-del-libro-dartista-Muddichi.jpg 1754w\" alt=\"\" width=\"1024\" height=\"724\" \/><\/p>\n","protected":false},"excerpt":{"rendered":"<p>Il giorno 24 ottobre 2021 alle ore 11.00, in occasione del finissage della mostra personale di\u00a0Giuseppe Modica, Atelier Giuseppe Modica Opere 1990 &#8211; 2021 al Museo Hendrik Christian Andersen, diretto da Maria Giuseppina Di Monte e afferente alla Direzione dei Musei Statali della Citt\u00e0 di Roma, diretta da Mariastella Margozzi, sar\u00e0 presentato il libro d\u2019artista Muddichi (Molliche) per le Edizioni Il Bulino di Sergio Pandolfini. All\u2019introduzione di Maria Giuseppina Di Monte seguiranno gli interventi di Giuseppe Appella, Giuseppe Modica, Sergio Pandolfini, Elio Pecora e Gabriele Simongini. Il volume, stampato su carta Hahnem\u00fchle con un formato (chiuso) di cm 39,5x 27,0 ed allestito con cucitura a mano, contiene dieci poesie ed un racconto di Nino De Vita e cinque incisioni di Giuseppe Modica. Nino De Vita \u00e8 un poeta che compone versi nel dialetto (nel vecchio dialetto) di Cutus\u00eco, una piccola contrada di Marsala. La sua ispirazione rimanda a un ruolo arcaico, che precede, si pu\u00f2 dire, ogni distinzione fra generi letterari. Con questa contrada, dove \u00e8 nato e vive, De Vita ha un legame viscerale: un microcosmo, che \u00e8 diventato nel tempo il territorio della poesia, della sua poesia. De Vita racconta un mondo intimo, di piccole cose quotidiane, le Muddiche appunto, che diventano strumento di scavo in un mondo ancestrale che appartiene anche a tutti noi. \u00c8 questa la chiave di lettura che lega l\u2019opera poetica di Nino De Vita con il lavoro incisorio, e non, di Giuseppe Modica. Guardare il mondo intorno, leggere le tracce del passato, registrare le trasformazioni della luce e con la luce strutturare le forme, questo fa Modica nelle incisioni che si affiancano alle poesie di De Vita, restituendo un insieme di visioni che hanno a che vedere con un tempo sospeso che coniuga realt\u00e0 e memoria. Sono frammenti di realt\u00e0 vissuta e memoria e attraverso il tempo lento della meditazione diventano apparizioni e riflessioni. INGRESSO LIBERO \u2013 OBBLIGATORIO PRESENTARE IL GREEN PASS &#8212;&#8212;&#8212;&#8212;&#8212;&#8212;&#8212;&#8212;&#8212;&#8212;&#8211; Comunicato stampa &#8212;&#8212;&#8212;&#8212;&#8212;&#8212;&#8212;&#8212;&#8212;&#8212;&#8211;<\/p>\n","protected":false},"author":1,"featured_media":0,"comment_status":"closed","ping_status":"open","sticky":false,"template":"","format":"standard","meta":{"om_disable_all_campaigns":false,"footnotes":""},"categories":[69,72,74],"tags":[],"pp_force_visibility":null,"pp_subpost_visibility":null,"pp_inherited_force_visibility":null,"pp_inherited_subpost_visibility":null,"aioseo_notices":[],"_links":{"self":[{"href":"https:\/\/direzionemuseiroma.cultura.gov.it\/en\/wp-json\/wp\/v2\/posts\/18425"}],"collection":[{"href":"https:\/\/direzionemuseiroma.cultura.gov.it\/en\/wp-json\/wp\/v2\/posts"}],"about":[{"href":"https:\/\/direzionemuseiroma.cultura.gov.it\/en\/wp-json\/wp\/v2\/types\/post"}],"author":[{"embeddable":true,"href":"https:\/\/direzionemuseiroma.cultura.gov.it\/en\/wp-json\/wp\/v2\/users\/1"}],"replies":[{"embeddable":true,"href":"https:\/\/direzionemuseiroma.cultura.gov.it\/en\/wp-json\/wp\/v2\/comments?post=18425"}],"version-history":[{"count":0,"href":"https:\/\/direzionemuseiroma.cultura.gov.it\/en\/wp-json\/wp\/v2\/posts\/18425\/revisions"}],"wp:attachment":[{"href":"https:\/\/direzionemuseiroma.cultura.gov.it\/en\/wp-json\/wp\/v2\/media?parent=18425"}],"wp:term":[{"taxonomy":"category","embeddable":true,"href":"https:\/\/direzionemuseiroma.cultura.gov.it\/en\/wp-json\/wp\/v2\/categories?post=18425"},{"taxonomy":"post_tag","embeddable":true,"href":"https:\/\/direzionemuseiroma.cultura.gov.it\/en\/wp-json\/wp\/v2\/tags?post=18425"}],"curies":[{"name":"wp","href":"https:\/\/api.w.org\/{rel}","templated":true}]}}