{"id":18391,"date":"2022-02-01T11:16:11","date_gmt":"2022-02-01T10:16:11","guid":{"rendered":"https:\/\/direzionemuseiroma.cultura.gov.it\/il-5-febbraio-al-museo-andersen-finissage-della-mostra-antonio-passa-homo-faber-verso-linfinito-2010-2021\/"},"modified":"2022-02-01T11:16:11","modified_gmt":"2022-02-01T10:16:11","slug":"il-5-febbraio-al-museo-andersen-finissage-della-mostra-antonio-passa-homo-faber-verso-linfinito-2010-2021","status":"publish","type":"post","link":"https:\/\/direzionemuseiroma.cultura.gov.it\/en\/il-5-febbraio-al-museo-andersen-finissage-della-mostra-antonio-passa-homo-faber-verso-linfinito-2010-2021\/","title":{"rendered":"il 5 febbraio al Museo Andersen finissage della mostra &#8216;Antonio Passa. Homo faber, verso l\u2019infinito 2010-2021&#8217;"},"content":{"rendered":"<p>Il 5 febbraio in occasione del finissage della mostra personale <strong><em>Antonio Passa<\/em><\/strong>. <strong><em>Homo faber, verso l\u2019infinito 2010 &#8211; 2021<\/em><\/strong> il <strong>Museo Hendrik Christian Andersen<\/strong>, diretto da Maria Giuseppina Di Monte e afferente alla Direzione Musei Statali della Citta\u0300 di Roma, diretta da Mariastella Margozzi, \u00e8 lieto di presentare un libro appena stampato su Antonio Passa e, a seguire, un concerto con pianoforte, violoncello, xilofono, voce e suoni elettronici.<\/p>\n<p><strong>Ore 16:00 &#8211; Presentazione del libro di Antonello Tolve: <\/strong><\/p>\n<p><em>Antonio Passa. L\u2019arte come riflessione sull\u2019arte, 1969-2021 &#8211; <\/em>Edizioni Kappabit, 2022<\/p>\n<p>Intervengono:<\/p>\n<p>Antonio<strong> Passa<\/strong>;<br \/>Monica <strong>Torrusio<\/strong> Ordinario di Storia dell\u2019Arte all\u2019Accademia delle Belle Arti di Roma;<br \/>Antonello <strong>Tolve<\/strong>, Direttore Fondazione Menna e Ordinario all\u2019Accademia delle Belle Arti di Urbino;<br \/>Marco <strong>Contini<\/strong>, CEO Edizioni Kappabit.<\/p>\n<p><strong>Ore 17:00 &#8211; Concerto<\/strong>, con pianoforte, violoncello, xilofono, voce e suoni elettronici<\/p>\n<p>La performance sonora, con cui la mostra <strong>Homo faber, verso l\u2019infinito 2010 &#8211; 2021<\/strong> di\u00a0<strong>Antonio Passa<\/strong> trova termine, trae ispirazione dalle opere esposte trasferendo nel mondo acustico, con i suoni e con i ritmi, molteplici aspetti che hanno ispirato Passa per i suoi cinque grandi <em>Pentagoni<\/em> e per il<em> \u00abRitratto a tutto tondo di Pitagora<\/em>\u00bb opera, quest\u2019ultima, che ha per principio la Tetraktys.<\/p>\n<p>La musica si avvale di intermezzi poetici che raccontano le suggestioni visive e inducono lo spettatore a relazionarsi profondamente con i metalli, tratteggiati, anche con un uso fonico della parola, come tipi umani; del resto per Passa le sue opere sono dei personaggi.<\/p>\n<p>Nel brano in ensemble, Tetraktys, l\u2019Artista viene raffigurato mentre traduce in forme e colori, attraverso esperte mani, le intuizioni che progressivamente prendono vita nella sua mente. In questo brano il ritmo pressante dello xilofono non pu\u00f2 non rievocare il martellare dei fabbri. Proprio quel martellare ritmico, e intonato, da cui sarebbe scaturita l\u2019intuizione pi\u00f9 profonda della storia del nostro pensiero, ovvero il legame fra matematica e natura che Pitagora, cos\u00ec si dice, scopr\u00ec presso un fabbro. Un legame antico e di <em>irragionevole efficacia<\/em>, che tuttora stupisce.<br \/>\u00a0<br \/>Musica di Riccardo <strong>Santoboni<\/strong><br \/>Testi di Sonia <strong>Turchi<\/strong><br \/>Pianoforte: Sonia <strong>Turchi<\/strong><br \/>Violoncello: Fiorenzo <strong>Santoboni<\/strong><br \/>Voce recitante: Caterina <strong>Di Giulio<\/strong><br \/>Mezzosoprano: Svetlana <strong>Trofanchouk<\/strong><br \/>Xilofono e percussioni: Alessio <strong>Cavaliere<\/strong><\/p>\n<p>Riprese audio video: Enrico <strong>De\u00a0Bernart<\/strong><\/p>\n<p>Diretta streaming: Erika <strong>Valletta<\/strong><\/p>\n<p>L\u2019iniziativa e\u0300 patrocinata dall\u2019Accademia di Belle Arti di Roma in collaborazione con la <strong>Fondazione Filiberto e Bianca Menna<\/strong>, con il <strong>Tomav Experience<\/strong> e con la ditta di progettazione e design <strong>Supermateria.<\/strong><\/p>\n<p><strong>Info: ingresso libero fino a esaurimento posti. Prenotazione telefonica al <\/strong><strong>+ 39 06 3219089 <\/strong><\/p>\n<p><strong>Diretta streaming su: <a href=\"http:\/\/kappab.it\/?qr=21gj\">http:\/\/kappab.it\/?qr=21gj<\/a> <\/strong><\/p>\n<p><strong>Contatti Museo H.C. Andersen <\/strong><\/p>\n<p>Mail: dms-rm.museoandersen@beniculturali.it<\/p>\n<p>Sito web: <a href=\"https:\/\/direzionemuseiroma.cultura.gov.it\/istituti\/museo%20-%20hendrik-christian-andersen-roma\/\" target=\"_blank\" rel=\"noopener noreferrer\">https:\/\/direzionemuseiroma.cultura.gov.it\/istituti\/museo &#8211; hendrik-christian-andersen-roma\/<\/a><\/p>\n<p>FB: <a href=\"https:\/\/www.facebook.com\/MuseoHendrikChristianAndersen\" target=\"_blank\" rel=\"noopener noreferrer\">MuseoHendrikChristianAndersen<\/a><br \/>TW: @MuseoAndersen<\/p>\n<p><a href=\"https:\/\/direzionemuseiroma.cultura.gov.it\/wp-content\/uploads\/2022\/02\/CS-Finissage-Antonio-Passa-Homo-faber-verso-linfinito-2010-2021.pdf\" target=\"_blank\" rel=\"noopener noreferrer\">Comunicato Stampa<\/a><\/p>\n<p><a href=\"https:\/\/direzionemuseiroma.cultura.gov.it\/wp-content\/uploads\/2022\/02\/Finissage-Antonio-Passa-Homo-faber-verso-linfinito-2010-2021.pdf\" target=\"_blank\" rel=\"noopener noreferrer\">Finissage<\/a><\/p>\n<p>\t\t\t\t\t\t\t\t\t\t<img decoding=\"async\" loading=\"lazy\" width=\"431\" height=\"437\" src=\"https:\/\/direzionemuseiroma.cultura.gov.it\/wp-content\/uploads\/2022\/02\/Antonio-Passa.-Homo-faber.jpg\" alt=\"\" srcset=\"https:\/\/direzionemuseiroma.cultura.gov.it\/wp-content\/uploads\/2022\/02\/Antonio-Passa.-Homo-faber.jpg 431w, https:\/\/direzionemuseiroma.cultura.gov.it\/wp-content\/uploads\/2022\/02\/Antonio-Passa.-Homo-faber-296x300.jpg 296w\" sizes=\"(max-width: 431px) 100vw, 431px\" \/><\/p>\n","protected":false},"excerpt":{"rendered":"<p>Il 5 febbraio in occasione del finissage della mostra personale Antonio Passa. Homo faber, verso l\u2019infinito 2010 &#8211; 2021 il Museo Hendrik Christian Andersen, diretto da Maria Giuseppina Di Monte e afferente alla Direzione Musei Statali della Citta\u0300 di Roma, diretta da Mariastella Margozzi, \u00e8 lieto di presentare un libro appena stampato su Antonio Passa e, a seguire, un concerto con pianoforte, violoncello, xilofono, voce e suoni elettronici. Ore 16:00 &#8211; Presentazione del libro di Antonello Tolve: Antonio Passa. L\u2019arte come riflessione sull\u2019arte, 1969-2021 &#8211; Edizioni Kappabit, 2022 Intervengono: Antonio Passa;Monica Torrusio Ordinario di Storia dell\u2019Arte all\u2019Accademia delle Belle Arti di Roma;Antonello Tolve, Direttore Fondazione Menna e Ordinario all\u2019Accademia delle Belle Arti di Urbino;Marco Contini, CEO Edizioni Kappabit. Ore 17:00 &#8211; Concerto, con pianoforte, violoncello, xilofono, voce e suoni elettronici La performance sonora, con cui la mostra Homo faber, verso l\u2019infinito 2010 &#8211; 2021 di\u00a0Antonio Passa trova termine, trae ispirazione dalle opere esposte trasferendo nel mondo acustico, con i suoni e con i ritmi, molteplici aspetti che hanno ispirato Passa per i suoi cinque grandi Pentagoni e per il \u00abRitratto a tutto tondo di Pitagora\u00bb opera, quest\u2019ultima, che ha per principio la Tetraktys. La musica si avvale di intermezzi poetici che raccontano le suggestioni visive e inducono lo spettatore a relazionarsi profondamente con i metalli, tratteggiati, anche con un uso fonico della parola, come tipi umani; del resto per Passa le sue opere sono dei personaggi. Nel brano in ensemble, Tetraktys, l\u2019Artista viene raffigurato mentre traduce in forme e colori, attraverso esperte mani, le intuizioni che progressivamente prendono vita nella sua mente. In questo brano il ritmo pressante dello xilofono non pu\u00f2 non rievocare il martellare dei fabbri. Proprio quel martellare ritmico, e intonato, da cui sarebbe scaturita l\u2019intuizione pi\u00f9 profonda della storia del nostro pensiero, ovvero il legame fra matematica e natura che Pitagora, cos\u00ec si dice, scopr\u00ec presso un fabbro. Un legame antico e di irragionevole efficacia, che tuttora stupisce.\u00a0Musica di Riccardo SantoboniTesti di Sonia TurchiPianoforte: Sonia TurchiVioloncello: Fiorenzo SantoboniVoce recitante: Caterina Di GiulioMezzosoprano: Svetlana TrofanchoukXilofono e percussioni: Alessio Cavaliere Riprese audio video: Enrico De\u00a0Bernart Diretta streaming: Erika Valletta L\u2019iniziativa e\u0300 patrocinata dall\u2019Accademia di Belle Arti di Roma in collaborazione con la Fondazione Filiberto e Bianca Menna, con il Tomav Experience e con la ditta di progettazione e design Supermateria. Info: ingresso libero fino a esaurimento posti. Prenotazione telefonica al + 39 06 3219089 Diretta streaming su: http:\/\/kappab.it\/?qr=21gj Contatti Museo H.C. Andersen Mail: dms-rm.museoandersen@beniculturali.it Sito web: https:\/\/direzionemuseiroma.cultura.gov.it\/istituti\/museo &#8211; hendrik-christian-andersen-roma\/ FB: MuseoHendrikChristianAndersenTW: @MuseoAndersen Comunicato Stampa Finissage<\/p>\n","protected":false},"author":1,"featured_media":0,"comment_status":"closed","ping_status":"open","sticky":false,"template":"","format":"standard","meta":{"om_disable_all_campaigns":false,"footnotes":""},"categories":[69,110,74],"tags":[],"pp_force_visibility":null,"pp_subpost_visibility":null,"pp_inherited_force_visibility":null,"pp_inherited_subpost_visibility":null,"aioseo_notices":[],"_links":{"self":[{"href":"https:\/\/direzionemuseiroma.cultura.gov.it\/en\/wp-json\/wp\/v2\/posts\/18391"}],"collection":[{"href":"https:\/\/direzionemuseiroma.cultura.gov.it\/en\/wp-json\/wp\/v2\/posts"}],"about":[{"href":"https:\/\/direzionemuseiroma.cultura.gov.it\/en\/wp-json\/wp\/v2\/types\/post"}],"author":[{"embeddable":true,"href":"https:\/\/direzionemuseiroma.cultura.gov.it\/en\/wp-json\/wp\/v2\/users\/1"}],"replies":[{"embeddable":true,"href":"https:\/\/direzionemuseiroma.cultura.gov.it\/en\/wp-json\/wp\/v2\/comments?post=18391"}],"version-history":[{"count":0,"href":"https:\/\/direzionemuseiroma.cultura.gov.it\/en\/wp-json\/wp\/v2\/posts\/18391\/revisions"}],"wp:attachment":[{"href":"https:\/\/direzionemuseiroma.cultura.gov.it\/en\/wp-json\/wp\/v2\/media?parent=18391"}],"wp:term":[{"taxonomy":"category","embeddable":true,"href":"https:\/\/direzionemuseiroma.cultura.gov.it\/en\/wp-json\/wp\/v2\/categories?post=18391"},{"taxonomy":"post_tag","embeddable":true,"href":"https:\/\/direzionemuseiroma.cultura.gov.it\/en\/wp-json\/wp\/v2\/tags?post=18391"}],"curies":[{"name":"wp","href":"https:\/\/api.w.org\/{rel}","templated":true}]}}