{"id":18388,"date":"2022-03-05T14:25:28","date_gmt":"2022-03-05T13:25:28","guid":{"rendered":"https:\/\/direzionemuseiroma.cultura.gov.it\/parole-al-femminile-nella-biblioteca-di-casa-andersen\/"},"modified":"2022-03-05T14:25:28","modified_gmt":"2022-03-05T13:25:28","slug":"parole-al-femminile-nella-biblioteca-di-casa-andersen","status":"publish","type":"post","link":"https:\/\/direzionemuseiroma.cultura.gov.it\/en\/parole-al-femminile-nella-biblioteca-di-casa-andersen\/","title":{"rendered":"Parole al femminile nella biblioteca di casa Andersen"},"content":{"rendered":"\t\t<div data-elementor-type=\"wp-post\" data-elementor-id=\"18388\" class=\"elementor elementor-18388 elementor-3412\" data-elementor-post-type=\"post\">\n\t\t\t\t\t\t\t\t\t<section class=\"elementor-section elementor-top-section elementor-element elementor-element-2ec2b6d elementor-section-boxed elementor-section-height-default elementor-section-height-default wpr-particle-no wpr-jarallax-no wpr-parallax-no wpr-sticky-section-no\" data-id=\"2ec2b6d\" data-element_type=\"section\">\n\t\t\t\t\t\t<div class=\"elementor-container elementor-column-gap-default\">\n\t\t\t\t\t<div class=\"elementor-column elementor-col-100 elementor-top-column elementor-element elementor-element-b629990\" data-id=\"b629990\" data-element_type=\"column\">\n\t\t\t<div class=\"elementor-widget-wrap elementor-element-populated\">\n\t\t\t\t\t\t\t\t<div class=\"elementor-element elementor-element-e7595e8 elementor-widget elementor-widget-text-editor\" data-id=\"e7595e8\" data-element_type=\"widget\" data-widget_type=\"text-editor.default\">\n\t\t\t\t<div class=\"elementor-widget-container\">\n\t\t\t<style>\/*! elementor - v3.15.0 - 09-08-2023 *\/\n.elementor-widget-text-editor.elementor-drop-cap-view-stacked .elementor-drop-cap{background-color:#69727d;color:#fff}.elementor-widget-text-editor.elementor-drop-cap-view-framed .elementor-drop-cap{color:#69727d;border:3px solid;background-color:transparent}.elementor-widget-text-editor:not(.elementor-drop-cap-view-default) .elementor-drop-cap{margin-top:8px}.elementor-widget-text-editor:not(.elementor-drop-cap-view-default) .elementor-drop-cap-letter{width:1em;height:1em}.elementor-widget-text-editor .elementor-drop-cap{float:left;text-align:center;line-height:1;font-size:50px}.elementor-widget-text-editor .elementor-drop-cap-letter{display:inline-block}<\/style>\t\t\t\t<p><span style=\"font-size: 14pt;\">Il Museo Hendrik Andersen propone, in occasione della Giornata Internazionale della Donna, un insolito programma, incentrato per la prima volta sulla piccola ma preziosa biblioteca storica del Museo: costituita da trecentonovantasei volumi che nell\u2019arco della vita Hendrik Andersen e sua cognata Olivia Cushing misero insieme seguendo le loro pi\u00f9 intime inclinazioni, passioni e convinzioni. Per questo motivo la biblioteca rappresenta un importante essenziale corollario alla collezione museale e spiega anche su base teorica le scelte e le motivazioni dell\u2019artista convergenti verso due temi principali: pacifismo e diritti delle donne.<\/span><\/p><p><span style=\"font-size: 14pt;\">Fra le tante edizioni sull\u2019argomento spicca quella di Helena Blavatsky, di origine ucraina, autrice della \u201cIside svelata\u201d e della \u201cDottrina segreta\u201d. Quest\u2019autrice dimentica appare oggi quanto mai significativa per la testimonianza che ci offre proprio in un momento storico in cui l\u2019Ucraina \u00e8 al centro del grave conflitto armato avendo subito nei giorni scorsi la massiccia invasione russa che minaccia la sopravvivenza e l\u2019autodeterminazione del suo popolo.<\/span><\/p><p><span style=\"font-size: 14pt;\">Per quasta ragione il Museo vuole rendere omaggio alle donne, in particolare le donne ucraine, che si battono per la libert\u00e0 e i diritti e spesso combattono affianco agli uomini in questo terribile scontro armato. I libri che presentiamo, in edizioni originali, spesso di pregio per la loro veste editoriale, mettono in luce come Hendrik Andersen sia stato uno strenuo sostenitore della pace, della libert\u00e0 e della democrazia e abbia condiviso con la cognata Olivia la difesa dei diritti femminili, come un femminista ante litteram.<\/span><\/p><p><span style=\"font-size: 14pt;\">Su questa scia scopriamo fra i libri esposti l\u2019insolito scritto \u201cWar Letters from the Living Dead Man\u201d (1918) di Elsa Barker, una scrittrice e poetessa americana, membro della Societ\u00e0 Teosofica e vicina al gruppo dei Rosacroce \u201cAlpha e Omega\u201d.<\/span><\/p><p><span style=\"font-size: 14pt;\">Fra\u00a0 i testi concernenti l\u2019emancipazione femminile e il suffragio universale saranno esposti quello di Mary Ritter Beard \u201cWoman\u2019s Work in Municipalities\u201d, incentrato sul lavoro femminile e sui diritti delle donne. Mary Ritter Beard si dedic\u00f2 con sempre maggior forza allo sviluppo della riflessione sulle donne, divenendo un\u2019attivitista del movimento femminista e del movimento \u201cNew History\u201d che doveva valorizzare l\u2019apporto femminile alla storia economica, sociale e culturale.\u00a0<\/span><\/p><p><span style=\"font-size: 14pt;\">Fra i saggi dedicati al pacifismo troviamo \u201cThe Future of World Peace\u201d: l\u2019autore, Roger Ward Babson, richiama l\u2019attenzione sull\u2019importanza della democrazia: \u201c&#8221;La democrazia \u00e8 la sola forma di governo che alla fine vincer\u00e0; ma ci saranno molti &#8220;alti e bassi&#8221; prima che ci\u00f2 avvenga. Ovviamente dovranno essere sviluppati alcuni modelli adeguati per il voto diversi da quello della nascita e dell\u2019et\u00e0\u201d. Anche Norman Angell, che si espresse contro il militarismo e il ricorso alla guerra per risolvere i conflitti fra i popoli, autore della \u201cGrande illusione\u201d e premio Nobel per la pace nel 1933, sar\u00e0 esposto insieme con i saggi di Jane Addams, premio Nobel per la pace nel 1931 e di Berta Wilhelmine Lisel von Sutter che ottenne l\u2019ambito premio nel 1905 e concorse con i suoi viaggi e discorsi a promuove la Conferenza di Pace de L\u2019Aia.<\/span><\/p><p><span style=\"font-size: 14pt;\">L\u2019esposizione dei volumi \u00e8 curata da Maria Giuseppina Di Monte e Valentina Filamingo.\u00a0Si ringrazia Emilia Ludovici per la schedatura e il riordino dei volumi della biblioteca.<\/span><\/p><p><span style=\"font-size: 14pt;\">Con l\u2019occasione il Museo desidera lanciare un progetto dal titolo \u201cVite sospese\u201d dedicato alle donne artiste: pittrici, scultrici, potesse, musiciste che vivono e lavorano nei paesi del Medio e Vicino Oriente, in regimi autoritari che non offrono loro spazi adeguati di espressione anzi ne reprimono la creativit\u00e0 e la possibilit\u00e0 di dedicarsi alla propria attivit\u00e0. Il progetto, che sar\u00e0 realizzato in collaborazione con l\u2019Universit\u00e0 di Roma Tre, cercher\u00e0, attraverso seminari, dibattiti e proiezioni, di puntare un riflettore su queste realt\u00e0, spesso poco note e poco analizzate, a partire dalla condizione delle donne in Afghanistan, Siria, Turchia, dove si \u00e8 ancora ben lungi dal riconoscimento di quei diritti fondamentali che Olivia e Hendrik avevano cos\u00ec a cuore nei primi anni dello scorso secolo.<\/span><\/p>\t\t\t\t\t\t<\/div>\n\t\t\t\t<\/div>\n\t\t\t\t\t<\/div>\n\t\t<\/div>\n\t\t\t\t\t\t\t<\/div>\n\t\t<\/section>\n\t\t\t\t<section class=\"elementor-section elementor-top-section elementor-element elementor-element-2a6aa76 elementor-section-boxed elementor-section-height-default elementor-section-height-default wpr-particle-no wpr-jarallax-no wpr-parallax-no wpr-sticky-section-no\" data-id=\"2a6aa76\" data-element_type=\"section\">\n\t\t\t\t\t\t<div class=\"elementor-container elementor-column-gap-default\">\n\t\t\t\t\t<div class=\"elementor-column elementor-col-100 elementor-top-column elementor-element elementor-element-f96dacc\" data-id=\"f96dacc\" data-element_type=\"column\">\n\t\t\t<div class=\"elementor-widget-wrap elementor-element-populated\">\n\t\t\t\t\t\t\t\t<div class=\"elementor-element elementor-element-c8c2b5f elementor-widget elementor-widget-text-editor\" data-id=\"c8c2b5f\" data-element_type=\"widget\" data-widget_type=\"text-editor.default\">\n\t\t\t\t<div class=\"elementor-widget-container\">\n\t\t\t\t\t\t\t<p><strong><span style=\"font-size: 12pt;\">CONTATTI:<\/span><\/strong><br \/><span style=\"font-size: 12pt;\">Tel.: 06 3219089<\/span><br \/><span style=\"font-size: 12pt;\">E-mail: dms-rm.museoandersen@beniculturali.it<\/span><\/p>\t\t\t\t\t\t<\/div>\n\t\t\t\t<\/div>\n\t\t\t\t\t<\/div>\n\t\t<\/div>\n\t\t\t\t\t\t\t<\/div>\n\t\t<\/section>\n\t\t\t\t<section class=\"elementor-section elementor-top-section elementor-element elementor-element-76670b4 elementor-section-boxed elementor-section-height-default elementor-section-height-default wpr-particle-no wpr-jarallax-no wpr-parallax-no wpr-sticky-section-no\" data-id=\"76670b4\" data-element_type=\"section\">\n\t\t\t\t\t\t<div class=\"elementor-container elementor-column-gap-default\">\n\t\t\t\t\t<div class=\"elementor-column elementor-col-100 elementor-top-column elementor-element elementor-element-d128b2b\" data-id=\"d128b2b\" data-element_type=\"column\">\n\t\t\t<div class=\"elementor-widget-wrap elementor-element-populated\">\n\t\t\t\t\t\t\t\t<div class=\"elementor-element elementor-element-73357cb elementor-widget elementor-widget-image\" data-id=\"73357cb\" data-element_type=\"widget\" data-widget_type=\"image.default\">\n\t\t\t\t<div class=\"elementor-widget-container\">\n\t\t\t<style>\/*! elementor - v3.15.0 - 09-08-2023 *\/\n.elementor-widget-image{text-align:center}.elementor-widget-image a{display:inline-block}.elementor-widget-image a img[src$=\".svg\"]{width:48px}.elementor-widget-image img{vertical-align:middle;display:inline-block}<\/style>\t\t\t\t\t\t\t\t\t\t\t\t\t<a href=\"https:\/\/dmsrm.futuretechlead.com\/wp-content\/uploads\/2022\/03\/locandina-8-marzo-andersen-orizzontale.jpg\" target=\"_blank\">\n\t\t\t\t\t\t\t<img decoding=\"async\" loading=\"lazy\" width=\"800\" height=\"566\" src=\"https:\/\/direzionemuseiroma.cultura.gov.it\/wp-content\/uploads\/2022\/03\/locandina-8-marzo-andersen-orizzontale-1024x724.jpg\" class=\"attachment-large size-large wp-image-10240\" alt=\"\" srcset=\"https:\/\/direzionemuseiroma.cultura.gov.it\/wp-content\/uploads\/2022\/03\/locandina-8-marzo-andersen-orizzontale-1024x724.jpg 1024w, https:\/\/direzionemuseiroma.cultura.gov.it\/wp-content\/uploads\/2022\/03\/locandina-8-marzo-andersen-orizzontale-300x212.jpg 300w, https:\/\/direzionemuseiroma.cultura.gov.it\/wp-content\/uploads\/2022\/03\/locandina-8-marzo-andersen-orizzontale-768x543.jpg 768w, https:\/\/direzionemuseiroma.cultura.gov.it\/wp-content\/uploads\/2022\/03\/locandina-8-marzo-andersen-orizzontale-1536x1086.jpg 1536w, https:\/\/direzionemuseiroma.cultura.gov.it\/wp-content\/uploads\/2022\/03\/locandina-8-marzo-andersen-orizzontale.jpg 1754w\" sizes=\"(max-width: 800px) 100vw, 800px\" \/>\t\t\t\t\t\t\t\t<\/a>\n\t\t\t\t\t\t\t\t\t\t\t\t\t\t\t<\/div>\n\t\t\t\t<\/div>\n\t\t\t\t\t<\/div>\n\t\t<\/div>\n\t\t\t\t\t\t\t<\/div>\n\t\t<\/section>\n\t\t\t\t\t\t\t<\/div>\n\t\t","protected":false},"excerpt":{"rendered":"<p>Il Museo Hendrik Andersen propone, in occasione della Giornata Internazionale della Donna, un insolito programma, incentrato per la prima volta sulla piccola ma preziosa biblioteca storica del Museo: costituita da trecentonovantasei volumi che nell\u2019arco della vita Hendrik Andersen e sua cognata Olivia Cushing misero insieme seguendo le loro pi\u00f9 intime inclinazioni, passioni e convinzioni. Per questo motivo la biblioteca rappresenta un importante essenziale corollario alla collezione museale e spiega anche su base teorica le scelte e le motivazioni dell\u2019artista convergenti verso due temi principali: pacifismo e diritti delle donne. Fra le tante edizioni sull\u2019argomento spicca quella di Helena Blavatsky, di origine ucraina, autrice della \u201cIside svelata\u201d e della \u201cDottrina segreta\u201d. Quest\u2019autrice dimentica appare oggi quanto mai significativa per la testimonianza che ci offre proprio in un momento storico in cui l\u2019Ucraina \u00e8 al centro del grave conflitto armato avendo subito nei giorni scorsi la massiccia invasione russa che minaccia la sopravvivenza e l\u2019autodeterminazione del suo popolo. Per quasta ragione il Museo vuole rendere omaggio alle donne, in particolare le donne ucraine, che si battono per la libert\u00e0 e i diritti e spesso combattono affianco agli uomini in questo terribile scontro armato. I libri che presentiamo, in edizioni originali, spesso di pregio per la loro veste editoriale, mettono in luce come Hendrik Andersen sia stato uno strenuo sostenitore della pace, della libert\u00e0 e della democrazia e abbia condiviso con la cognata Olivia la difesa dei diritti femminili, come un femminista ante litteram. Su questa scia scopriamo fra i libri esposti l\u2019insolito scritto \u201cWar Letters from the Living Dead Man\u201d (1918) di Elsa Barker, una scrittrice e poetessa americana, membro della Societ\u00e0 Teosofica e vicina al gruppo dei Rosacroce \u201cAlpha e Omega\u201d. Fra\u00a0 i testi concernenti l\u2019emancipazione femminile e il suffragio universale saranno esposti quello di Mary Ritter Beard \u201cWoman\u2019s Work in Municipalities\u201d, incentrato sul lavoro femminile e sui diritti delle donne. Mary Ritter Beard si dedic\u00f2 con sempre maggior forza allo sviluppo della riflessione sulle donne, divenendo un\u2019attivitista del movimento femminista e del movimento \u201cNew History\u201d che doveva valorizzare l\u2019apporto femminile alla storia economica, sociale e culturale. Fra i saggi dedicati al pacifismo troviamo \u201cThe Future of World Peace\u201d: l\u2019autore, Roger Ward Babson, richiama l\u2019attenzione sull\u2019importanza della democrazia: \u201c&#8221;La democrazia \u00e8 la sola forma di governo che alla fine vincer\u00e0; ma ci saranno molti &#8220;alti e bassi&#8221; prima che ci\u00f2 avvenga. Ovviamente dovranno essere sviluppati alcuni modelli adeguati per il voto diversi da quello della nascita e dell\u2019et\u00e0\u201d. Anche Norman Angell, che si espresse contro il militarismo e il ricorso alla guerra per risolvere i conflitti fra i popoli, autore della \u201cGrande illusione\u201d e premio Nobel per la pace nel 1933, sar\u00e0 esposto insieme con i saggi di Jane Addams, premio Nobel per la pace nel 1931 e di Berta Wilhelmine Lisel von Sutter che ottenne l\u2019ambito premio nel 1905 e concorse con i suoi viaggi e discorsi a promuove la Conferenza di Pace de L\u2019Aia. L\u2019esposizione dei volumi \u00e8 curata da Maria Giuseppina Di Monte e Valentina Filamingo.\u00a0Si ringrazia Emilia Ludovici per la schedatura e il riordino dei volumi della biblioteca. Con l\u2019occasione il Museo desidera lanciare un progetto dal titolo \u201cVite sospese\u201d dedicato alle donne artiste: pittrici, scultrici, potesse, musiciste che vivono e lavorano nei paesi del Medio e Vicino Oriente, in regimi autoritari che non offrono loro spazi adeguati di espressione anzi ne reprimono la creativit\u00e0 e la possibilit\u00e0 di dedicarsi alla propria attivit\u00e0. Il progetto, che sar\u00e0 realizzato in collaborazione con l\u2019Universit\u00e0 di Roma Tre, cercher\u00e0, attraverso seminari, dibattiti e proiezioni, di puntare un riflettore su queste realt\u00e0, spesso poco note e poco analizzate, a partire dalla condizione delle donne in Afghanistan, Siria, Turchia, dove si \u00e8 ancora ben lungi dal riconoscimento di quei diritti fondamentali che Olivia e Hendrik avevano cos\u00ec a cuore nei primi anni dello scorso secolo. CONTATTI: Tel.: 06 3219089 E-mail: dms-rm.museoandersen@beniculturali.it<\/p>\n","protected":false},"author":1,"featured_media":0,"comment_status":"closed","ping_status":"open","sticky":false,"template":"","format":"standard","meta":{"om_disable_all_campaigns":false,"footnotes":""},"categories":[69,110,74],"tags":[],"pp_force_visibility":null,"pp_subpost_visibility":null,"pp_inherited_force_visibility":null,"pp_inherited_subpost_visibility":null,"aioseo_notices":[],"_links":{"self":[{"href":"https:\/\/direzionemuseiroma.cultura.gov.it\/en\/wp-json\/wp\/v2\/posts\/18388"}],"collection":[{"href":"https:\/\/direzionemuseiroma.cultura.gov.it\/en\/wp-json\/wp\/v2\/posts"}],"about":[{"href":"https:\/\/direzionemuseiroma.cultura.gov.it\/en\/wp-json\/wp\/v2\/types\/post"}],"author":[{"embeddable":true,"href":"https:\/\/direzionemuseiroma.cultura.gov.it\/en\/wp-json\/wp\/v2\/users\/1"}],"replies":[{"embeddable":true,"href":"https:\/\/direzionemuseiroma.cultura.gov.it\/en\/wp-json\/wp\/v2\/comments?post=18388"}],"version-history":[{"count":0,"href":"https:\/\/direzionemuseiroma.cultura.gov.it\/en\/wp-json\/wp\/v2\/posts\/18388\/revisions"}],"wp:attachment":[{"href":"https:\/\/direzionemuseiroma.cultura.gov.it\/en\/wp-json\/wp\/v2\/media?parent=18388"}],"wp:term":[{"taxonomy":"category","embeddable":true,"href":"https:\/\/direzionemuseiroma.cultura.gov.it\/en\/wp-json\/wp\/v2\/categories?post=18388"},{"taxonomy":"post_tag","embeddable":true,"href":"https:\/\/direzionemuseiroma.cultura.gov.it\/en\/wp-json\/wp\/v2\/tags?post=18388"}],"curies":[{"name":"wp","href":"https:\/\/api.w.org\/{rel}","templated":true}]}}