{"id":18365,"date":"2022-04-27T10:55:05","date_gmt":"2022-04-27T08:55:05","guid":{"rendered":"https:\/\/direzionemuseiroma.cultura.gov.it\/sabato-30-aprile-passeggiata-nella-storia-e-nella-natura-di-veio\/"},"modified":"2022-04-27T10:55:05","modified_gmt":"2022-04-27T08:55:05","slug":"sabato-30-aprile-passeggiata-nella-storia-e-nella-natura-di-veio","status":"publish","type":"post","link":"https:\/\/direzionemuseiroma.cultura.gov.it\/en\/sabato-30-aprile-passeggiata-nella-storia-e-nella-natura-di-veio\/","title":{"rendered":"sabato 30 aprile passeggiata nella storia e nella natura di Veio"},"content":{"rendered":"<p>Sabato 30 aprile 2022, con il <strong>Municipio Roma XV<\/strong> &#8211;\u00a0Assessorato politiche scolastiche e culturali e con l&#8217;<strong>Ente Regionale Parco di Veio<\/strong>, la Direzione Musei statali della citt\u00e0 di Roma promuove una <strong>passeggiata nella storia e nella natura di Veio<\/strong>, in compagnia di <strong>Stefano Ardito<\/strong>, giornalista, scrittore ed esperto di montagna.<\/p>\n<p>Con partenza dalla Mola di Isola Farnese, si arriver\u00e0 sul pianoro dell&#8217;abitato etrusco\u00a0e si raggiungeranno Ponte Sodo e la Tomba Campana, per terminare il percorso con la visita al Santuario dell&#8217;Apollo di Portonaccio.<\/p>\n<p>L&#8217;appuntamento \u00e8 aperto a tutti, vi aspettiamo alle 9.30 davanti alla Mola.<\/p>\n<p>Vista la disponibilit\u00e0 limitata \u00e8 necessaria la prenotazione scrivendo al\u00a0seguente indirizzo\u00a0email: <a href=\"mailto:lamemoriadelxv@gmail.com\">lamemoriadelxv@gmail.com<\/a><\/p>\n<p>\u00a0<\/p>\n<p>\t\t\t\t\t\t\t\t\t\t\t<a href=\"https:\/\/direzionemuseiroma.cultura.gov.it\/wp-content\/uploads\/2022\/04\/Veio-30-aprile-685x1024.jpeg\"><br \/>\n\t\t\t\t\t\t\t<img decoding=\"async\" loading=\"lazy\" width=\"685\" height=\"1024\" src=\"https:\/\/direzionemuseiroma.cultura.gov.it\/wp-content\/uploads\/2022\/04\/Veio-30-aprile-685x1024.jpeg\" alt=\"\" srcset=\"https:\/\/direzionemuseiroma.cultura.gov.it\/wp-content\/uploads\/2022\/04\/Veio-30-aprile-685x1024.jpeg 685w, https:\/\/direzionemuseiroma.cultura.gov.it\/wp-content\/uploads\/2022\/04\/Veio-30-aprile-201x300.jpeg 201w, https:\/\/direzionemuseiroma.cultura.gov.it\/wp-content\/uploads\/2022\/04\/Veio-30-aprile.jpeg 722w\" sizes=\"(max-width: 685px) 100vw, 685px\" \/>\t\t\t\t\t\t\t\t<\/a><\/p>\n","protected":false},"excerpt":{"rendered":"<p>Sabato 30 aprile 2022, con il Municipio Roma XV &#8211;\u00a0Assessorato politiche scolastiche e culturali e con l&#8217;Ente Regionale Parco di Veio, la Direzione Musei statali della citt\u00e0 di Roma promuove una passeggiata nella storia e nella natura di Veio, in compagnia di Stefano Ardito, giornalista, scrittore ed esperto di montagna. Con partenza dalla Mola di Isola Farnese, si arriver\u00e0 sul pianoro dell&#8217;abitato etrusco\u00a0e si raggiungeranno Ponte Sodo e la Tomba Campana, per terminare il percorso con la visita al Santuario dell&#8217;Apollo di Portonaccio. L&#8217;appuntamento \u00e8 aperto a tutti, vi aspettiamo alle 9.30 davanti alla Mola. Vista la disponibilit\u00e0 limitata \u00e8 necessaria la prenotazione scrivendo al\u00a0seguente indirizzo\u00a0email: lamemoriadelxv@gmail.com \u00a0<\/p>\n","protected":false},"author":1,"featured_media":0,"comment_status":"closed","ping_status":"open","sticky":false,"template":"","format":"standard","meta":{"om_disable_all_campaigns":false,"footnotes":""},"categories":[69,72,119],"tags":[],"pp_force_visibility":null,"pp_subpost_visibility":null,"pp_inherited_force_visibility":null,"pp_inherited_subpost_visibility":null,"aioseo_notices":[],"_links":{"self":[{"href":"https:\/\/direzionemuseiroma.cultura.gov.it\/en\/wp-json\/wp\/v2\/posts\/18365"}],"collection":[{"href":"https:\/\/direzionemuseiroma.cultura.gov.it\/en\/wp-json\/wp\/v2\/posts"}],"about":[{"href":"https:\/\/direzionemuseiroma.cultura.gov.it\/en\/wp-json\/wp\/v2\/types\/post"}],"author":[{"embeddable":true,"href":"https:\/\/direzionemuseiroma.cultura.gov.it\/en\/wp-json\/wp\/v2\/users\/1"}],"replies":[{"embeddable":true,"href":"https:\/\/direzionemuseiroma.cultura.gov.it\/en\/wp-json\/wp\/v2\/comments?post=18365"}],"version-history":[{"count":0,"href":"https:\/\/direzionemuseiroma.cultura.gov.it\/en\/wp-json\/wp\/v2\/posts\/18365\/revisions"}],"wp:attachment":[{"href":"https:\/\/direzionemuseiroma.cultura.gov.it\/en\/wp-json\/wp\/v2\/media?parent=18365"}],"wp:term":[{"taxonomy":"category","embeddable":true,"href":"https:\/\/direzionemuseiroma.cultura.gov.it\/en\/wp-json\/wp\/v2\/categories?post=18365"},{"taxonomy":"post_tag","embeddable":true,"href":"https:\/\/direzionemuseiroma.cultura.gov.it\/en\/wp-json\/wp\/v2\/tags?post=18365"}],"curies":[{"name":"wp","href":"https:\/\/api.w.org\/{rel}","templated":true}]}}