{"id":18309,"date":"2022-11-16T11:34:06","date_gmt":"2022-11-16T10:34:06","guid":{"rendered":"https:\/\/direzionemuseiroma.cultura.gov.it\/il-3-dicembre-al-museo-boncompagni-il-museo-che-accoglie-accessibilita-e-immateriale-proposte-e-prospettive\/"},"modified":"2022-11-16T11:34:06","modified_gmt":"2022-11-16T10:34:06","slug":"il-3-dicembre-al-museo-boncompagni-il-museo-che-accoglie-accessibilita-e-immateriale-proposte-e-prospettive","status":"publish","type":"post","link":"https:\/\/direzionemuseiroma.cultura.gov.it\/en\/il-3-dicembre-al-museo-boncompagni-il-museo-che-accoglie-accessibilita-e-immateriale-proposte-e-prospettive\/","title":{"rendered":"Il 3 dicembre al Museo Boncompagni \u2018Il Museo che accoglie. Accessibilit\u00e0 e immateriale, proposte e prospettive\u2019"},"content":{"rendered":"<p>In occasione della Giornata Internazionale delle persone con disabilit\u00e0, il Museo Boncompagni Ludovisi, diretto da\u00a0<strong>Matilde Amaturo<\/strong>\u00a0e afferente alla Direzione Musei Statali della citt\u00e0 di Roma, diretta da\u00a0<strong>Mariastella Margozzi\u00a0<\/strong>ospiter\u00e0 la tavola rotonda dal titolo\u00a0<strong>Il Museo che accoglie: accessibilit\u00e0 e immateriale, proposte e prospettive.<\/strong><\/p>\n<p>L\u2019evento \u00e8 organizzato in collaborazione con l\u2019Istituto Centrale per il Patrimonio Immateriale, diretto da\u00a0<strong>Leandro Ventura<\/strong>\u00a0e si inserisce all\u2019interno delle iniziative organizzate dai Musei per la Giornata delle Disabilit\u00e0, indetta nel 1992 dalle Nazioni Unite e giunta quest\u2019anno alla 30esima edizione.<\/p>\n<p>La tavola rotonda vuole essere una riflessione sul diritto alla partecipazione attiva e al dialogo e alla condivisione nella realt\u00e0 culturale museale, sul superamento di ogni forma di esclusione in quanto il Museo di oggi si fa sempre di pi\u00f9 promotore della diversit\u00e0 e della sostenibilit\u00e0, dell\u2019accessibilit\u00e0 e dell\u2019inclusione. Infine, ma non meno importante, la tavola rotonda sar\u00e0 un\u2019occasione per riflettere sul valore del patrimonio intangibile o diffuso. Ne \u00e8 un esempio il paesaggio ormai scomparso della Villa Ludovisi, restituito attraverso un video sottotitolato e ancora vivo nella memoria grazie alle testimonianze di poeti e letterati.<\/p>\n<p>Introdurr\u00e0 la tavola rotonda\u00a0<strong>Matilde Amaturo<\/strong>, Direttrice storico dell\u2019arte del Museo Boncompagni Ludovisi.<\/p>\n<p>Interverranno\u00a0<strong>Valentina Santonico<\/strong>, Funzionaria demoetnoantropologa presso l\u2019Istituto Centrale per il Patrimonio Immateriale,\u00a0<strong>Cinzia Marchesini<\/strong>, Funzionaria demoetnoantropologa presso l\u2019Istituto Centrale per il Patrimonio Immateriale,\u00a0<strong>Alba Serino<\/strong>, Archeologa specializzata in valorizzazione museale, l\u2019Ensemble Artistico ArmonArt (Elisa Baldisseri, Federico Baldisseri, Maria Vittoria Feccia, Doriana Mercuri, Chiara Mercuri, Federica Pedicini, Mario Santanoceto).\u00a0<\/p>\n<p>Moderer\u00e0 la tavola rotonda\u00a0<strong>Valentina Filamingo<\/strong>, Assistente tecnico della Direzione Musei Statali della citt\u00e0 di Roma.<\/p>\n<p>L\u2019incontro si chiuder\u00e0 con una visita guidata sensoriale inclusiva, che coinvolger\u00e0 anche i sensi meno \u201cconvenzionali\u201d.<\/p>\n<p><strong>Modalit\u00e0 di partecipazione: ingresso libero con prenotazione telefonica obbligatoria (06 42824074) fino a esaurimento posti.<\/strong><\/p>\n<ul style=\"list-style-type: square;\">\n<li>scarica il <a href=\"https:\/\/direzionemuseiroma.cultura.gov.it\/wp-content\/uploads\/2022\/11\/CS_Il-Museo-che-accoglie.-Accessibilita-e-immateriale-proposte-e-prospettive.pdf\" target=\"_blank\" rel=\"noopener noreferrer\">COMUNICATO STAMPA<\/a><\/li>\n<\/ul>\n<p>\t\t\t\t\t\t\t\t\t\t\t<a href=\"https:\/\/direzionemuseiroma.cultura.gov.it\/wp-content\/uploads\/2022\/11\/Il-Museo-che-accoglie.-Accessibilita-e-immateriale-proposte-e-prospettive.png\" target=\"_blank\" rel=\"noopener noreferrer\"><br \/>\n\t\t\t\t\t\t\t<img decoding=\"async\" loading=\"lazy\" width=\"768\" height=\"644\" src=\"https:\/\/direzionemuseiroma.cultura.gov.it\/wp-content\/uploads\/2022\/11\/Il-Museo-che-accoglie.-Accessibilit\u00e0-e-immateriale-proposte-e-prospettive-768x644.png\" alt=\"\" srcset=\"https:\/\/direzionemuseiroma.cultura.gov.it\/wp-content\/uploads\/2022\/11\/Il-Museo-che-accoglie.-Accessibilit\u00e0-e-immateriale-proposte-e-prospettive-768x644.png 768w, https:\/\/direzionemuseiroma.cultura.gov.it\/wp-content\/uploads\/2022\/11\/Il-Museo-che-accoglie.-Accessibilit\u00e0-e-immateriale-proposte-e-prospettive-300x251.png 300w, https:\/\/direzionemuseiroma.cultura.gov.it\/wp-content\/uploads\/2022\/11\/Il-Museo-che-accoglie.-Accessibilita-e-immateriale-proposte-e-prospettive.png 940w\" sizes=\"(max-width: 768px) 100vw, 768px\" \/>\t\t\t\t\t\t\t\t<\/a><\/p>\n<p style=\"text-align: center;\"><strong>PROGRAMMA<\/strong><\/p>\n<p style=\"text-align: center;\">Ore 16.00 \u2013 17.30<br \/>Saluti e Introduzione:<br \/>Matilde Amaturo<br \/><em>Direttrice del Museo Boncompagni Ludovisi, Direzione<\/em> <em>Musei Statali della Citt\u00e0 di Roma<\/em><\/p>\n<p style=\"text-align: center;\">Interventi:<br \/><strong>Immateriale e musei: accogliere, partecipare, creare. Prospettive e nuovi itinerari possibili<\/strong><br \/>Valentina Santonico<br \/><em>Funzionaria demoetnoantropologa, ICPI<\/em><\/p>\n<p style=\"text-align: center;\"><strong>Accogliere il paesaggio nei musei, un patrimonio materiale e immateriale<\/strong><br \/>Cinzia Marchesini <br \/><em>Funzionaria demoetnoantropologa, ICPI<\/em><\/p>\n<p style=\"text-align: center;\"><strong>C\u2019era una Volta Villa Ludovisi \u2013 Un Racconto nel Linguaggio Universale dell\u2019Arte<\/strong><br \/>Proiezione del video della performance dell\u2019Ensemble Artistico ArmonArt<\/p>\n<p style=\"text-align: center;\"><strong>Accessibilit\u00e0 e immateriale: una proposta di visita guidata \u2018sensoriale\u2019 per il Museo Boncompagni Ludovisi<\/strong><br \/>Alba Serino<br \/><em>Archeologa specializzata in valorizzazione museale<\/em><\/p>\n<p style=\"text-align: center;\">Modera:<br \/>Valentina Filamingo<br \/><em>Assistente tecnico, Direzione Musei Statali della citt\u00e0 di Roma<\/em><\/p>\n<p style=\"text-align: center;\">Ore 17.30<br \/>Visita guidata sensoriale a cura di Alba Serino<\/p>\n","protected":false},"excerpt":{"rendered":"<p>In occasione della Giornata Internazionale delle persone con disabilit\u00e0, il Museo Boncompagni Ludovisi, diretto da\u00a0Matilde Amaturo\u00a0e afferente alla Direzione Musei Statali della citt\u00e0 di Roma, diretta da\u00a0Mariastella Margozzi\u00a0ospiter\u00e0 la tavola rotonda dal titolo\u00a0Il Museo che accoglie: accessibilit\u00e0 e immateriale, proposte e prospettive. L\u2019evento \u00e8 organizzato in collaborazione con l\u2019Istituto Centrale per il Patrimonio Immateriale, diretto da\u00a0Leandro Ventura\u00a0e si inserisce all\u2019interno delle iniziative organizzate dai Musei per la Giornata delle Disabilit\u00e0, indetta nel 1992 dalle Nazioni Unite e giunta quest\u2019anno alla 30esima edizione. La tavola rotonda vuole essere una riflessione sul diritto alla partecipazione attiva e al dialogo e alla condivisione nella realt\u00e0 culturale museale, sul superamento di ogni forma di esclusione in quanto il Museo di oggi si fa sempre di pi\u00f9 promotore della diversit\u00e0 e della sostenibilit\u00e0, dell\u2019accessibilit\u00e0 e dell\u2019inclusione. Infine, ma non meno importante, la tavola rotonda sar\u00e0 un\u2019occasione per riflettere sul valore del patrimonio intangibile o diffuso. Ne \u00e8 un esempio il paesaggio ormai scomparso della Villa Ludovisi, restituito attraverso un video sottotitolato e ancora vivo nella memoria grazie alle testimonianze di poeti e letterati. Introdurr\u00e0 la tavola rotonda\u00a0Matilde Amaturo, Direttrice storico dell\u2019arte del Museo Boncompagni Ludovisi. Interverranno\u00a0Valentina Santonico, Funzionaria demoetnoantropologa presso l\u2019Istituto Centrale per il Patrimonio Immateriale,\u00a0Cinzia Marchesini, Funzionaria demoetnoantropologa presso l\u2019Istituto Centrale per il Patrimonio Immateriale,\u00a0Alba Serino, Archeologa specializzata in valorizzazione museale, l\u2019Ensemble Artistico ArmonArt (Elisa Baldisseri, Federico Baldisseri, Maria Vittoria Feccia, Doriana Mercuri, Chiara Mercuri, Federica Pedicini, Mario Santanoceto).\u00a0 Moderer\u00e0 la tavola rotonda\u00a0Valentina Filamingo, Assistente tecnico della Direzione Musei Statali della citt\u00e0 di Roma. L\u2019incontro si chiuder\u00e0 con una visita guidata sensoriale inclusiva, che coinvolger\u00e0 anche i sensi meno \u201cconvenzionali\u201d. Modalit\u00e0 di partecipazione: ingresso libero con prenotazione telefonica obbligatoria (06 42824074) fino a esaurimento posti. scarica il COMUNICATO STAMPA PROGRAMMA Ore 16.00 \u2013 17.30Saluti e Introduzione:Matilde AmaturoDirettrice del Museo Boncompagni Ludovisi, Direzione Musei Statali della Citt\u00e0 di Roma Interventi:Immateriale e musei: accogliere, partecipare, creare. Prospettive e nuovi itinerari possibiliValentina SantonicoFunzionaria demoetnoantropologa, ICPI Accogliere il paesaggio nei musei, un patrimonio materiale e immaterialeCinzia Marchesini Funzionaria demoetnoantropologa, ICPI C\u2019era una Volta Villa Ludovisi \u2013 Un Racconto nel Linguaggio Universale dell\u2019ArteProiezione del video della performance dell\u2019Ensemble Artistico ArmonArt Accessibilit\u00e0 e immateriale: una proposta di visita guidata \u2018sensoriale\u2019 per il Museo Boncompagni LudovisiAlba SerinoArcheologa specializzata in valorizzazione museale Modera:Valentina FilamingoAssistente tecnico, Direzione Musei Statali della citt\u00e0 di Roma Ore 17.30Visita guidata sensoriale a cura di Alba Serino<\/p>\n","protected":false},"author":1,"featured_media":0,"comment_status":"closed","ping_status":"open","sticky":false,"template":"","format":"standard","meta":{"om_disable_all_campaigns":false,"footnotes":""},"categories":[69,72,73],"tags":[],"pp_force_visibility":null,"pp_subpost_visibility":null,"pp_inherited_force_visibility":null,"pp_inherited_subpost_visibility":null,"aioseo_notices":[],"_links":{"self":[{"href":"https:\/\/direzionemuseiroma.cultura.gov.it\/en\/wp-json\/wp\/v2\/posts\/18309"}],"collection":[{"href":"https:\/\/direzionemuseiroma.cultura.gov.it\/en\/wp-json\/wp\/v2\/posts"}],"about":[{"href":"https:\/\/direzionemuseiroma.cultura.gov.it\/en\/wp-json\/wp\/v2\/types\/post"}],"author":[{"embeddable":true,"href":"https:\/\/direzionemuseiroma.cultura.gov.it\/en\/wp-json\/wp\/v2\/users\/1"}],"replies":[{"embeddable":true,"href":"https:\/\/direzionemuseiroma.cultura.gov.it\/en\/wp-json\/wp\/v2\/comments?post=18309"}],"version-history":[{"count":0,"href":"https:\/\/direzionemuseiroma.cultura.gov.it\/en\/wp-json\/wp\/v2\/posts\/18309\/revisions"}],"wp:attachment":[{"href":"https:\/\/direzionemuseiroma.cultura.gov.it\/en\/wp-json\/wp\/v2\/media?parent=18309"}],"wp:term":[{"taxonomy":"category","embeddable":true,"href":"https:\/\/direzionemuseiroma.cultura.gov.it\/en\/wp-json\/wp\/v2\/categories?post=18309"},{"taxonomy":"post_tag","embeddable":true,"href":"https:\/\/direzionemuseiroma.cultura.gov.it\/en\/wp-json\/wp\/v2\/tags?post=18309"}],"curies":[{"name":"wp","href":"https:\/\/api.w.org\/{rel}","templated":true}]}}