{"id":18290,"date":"2023-02-10T10:03:18","date_gmt":"2023-02-10T09:03:18","guid":{"rendered":"https:\/\/direzionemuseiroma.cultura.gov.it\/museo-hendrik-christian-andersen-forme-brevi-scritture-sincretiche\/"},"modified":"2023-02-10T10:03:18","modified_gmt":"2023-02-10T09:03:18","slug":"museo-hendrik-christian-andersen-forme-brevi-scritture-sincretiche","status":"publish","type":"post","link":"https:\/\/direzionemuseiroma.cultura.gov.it\/en\/museo-hendrik-christian-andersen-forme-brevi-scritture-sincretiche\/","title":{"rendered":"Museo Hendrik Christian Andersen-FORME BREVI &#8211; SCRITTURE SINCRETICHE"},"content":{"rendered":"<p><img decoding=\"async\" loading=\"lazy\" class=\"alignnone wp-image-6186 size-large\" src=\"https:\/\/direzionemuseiroma.cultura.gov.it\/wp-content\/uploads\/2023\/02\/forme-brevi-locandina-723x1024.png\" alt=\"\" width=\"723\" height=\"1024\" srcset=\"https:\/\/direzionemuseiroma.cultura.gov.it\/wp-content\/uploads\/2023\/02\/forme-brevi-locandina-723x1024.png 723w, https:\/\/direzionemuseiroma.cultura.gov.it\/wp-content\/uploads\/2023\/02\/forme-brevi-locandina-212x300.png 212w, https:\/\/direzionemuseiroma.cultura.gov.it\/wp-content\/uploads\/2023\/02\/forme-brevi-locandina-768x1087.png 768w, https:\/\/direzionemuseiroma.cultura.gov.it\/wp-content\/uploads\/2023\/02\/forme-brevi-locandina.png 904w\" sizes=\"(max-width: 723px) 100vw, 723px\" \/>Sabato 25 febbraio presso il Museo Hendrik Christian Andersen si terr\u00e0 il seminario FORME BREVI &#8211; SCRITTURE SINCRETICHE, in collaborazione con la cattedra di Semiotica del Dipartimento di Comunicazione e Ricerca Sociale della Sapienza Universit\u00e0 di Roma.<\/p>\n<p>Il seminario \u00e8 a cura della Prof. ssa Isabella Pezzini (Sapienza Universit\u00e0 di Roma) e del Prof. Riccardo Finocchi (Universit\u00e0 di Cassino).<\/p>\n<p>Negli ultimi anni \u00e8 apparsa sul web una nuova modalit\u00e0 di comunicazione che ha registrato una impressionante circolazione discorsiva. Comprensibile a tutti e usata da un numero elevato (e in continua crescita) di utenti, essa \u00e8 caratterizzata dalla combinazione di immagini, suoni e parole per produrre testi, generalmente piuttosto brevi, mobilitando un repertorio ampio ed eterogeneo di risorse semiotiche ed estetiche. Si pensi, ad esempio, ai \u201cmeme\u201d audiovisivi o alle funzionalit\u00e0 e app dedicate, quali Instagram Stories o Tik Tok di cui anche i Musei stanno facendo un uso frequente.<\/p>\n<p>\u00c8 interessante notare come, sul piano dell\u2019espressione, questa scrittura sincretica esternalizzi e testualizzi le procedure tipicamente multimodali e sinestetiche che caratterizzano il lavoro pi\u00f9 originario della nostra immaginazione.<\/p>\n<p>Le manifestazioni testuali di questa forma espressiva sono state fin qui raccolte in corpus pi\u00f9 o meno omogenei, utilizzando criteri di classificazione che hanno dato luogo a un numero molto elevato di definizioni, quali remix, rimediazione, rimontaggio, re-enactement, rilocazione, intermedialit\u00e0, postmedialit\u00e0 (Bolter, Casetti, Eugeni, Grusin, No\u00eb) ecc. Ci si potrebbe tuttavia chiedere, in via preliminare, se il modo migliore per comprendere e studiare questa modalit\u00e0 espressiva sincretica non consista nell\u2019interpretarla a partire dal suo orientamento caratteristico verso un formato breve (riferibile anche all\u2019idea di \u201cforme semplici\u201d di Jolles) che si avvale di una scrittura sincretica, in quanto tale capace di essere appresa, interiorizzata e performata, nonch\u00e9 di evolvere secondo linee di sviluppo che sono solo in parte preventivabili bench\u00e9 riferibili a pratiche comunicative che tendono a pertinentizzare le stesse modalit\u00e0 di blending espressivo. Se cos\u00ec fosse, ci troveremmo di fronte a un fenomeno che potrebbe riservare conseguenze culturali analoghe a quelle ascrivibili alla scrittura lineare e alla stampa a caratteri mobili (Havelock, McLuhan, Ong).<\/p>\n<p>Il seminario si propone di esplorare secondo diversi approcci il rapporto significativo tra scritture sincretiche e forme brevi.<\/p>\n<p>PROGRAMMA<\/p>\n<p>9.30 Apertura seminario<br aria-hidden=\"true\">Maria Giuseppina di Monte &#8211; Saluti istituzionali<\/p>\n<p>09.45 Introduzione ai lavori<br aria-hidden=\"true\">Isabella Pezzini, Sapienza Universit\u00e0 di Roma<br aria-hidden=\"true\">Anne Beyaert-Geslin, Universit\u00e9 Bordeaux-Montaigne<\/p>\n<p>\u200b10.45 \u2013 11.15 discussione<\/p>\n<p>11.30 \u2013 13.00 prima tavola rotonda &#8211; Le forme brevi in prospettiva estetica<\/p>\n<p>Introduce Pietro Montani<br aria-hidden=\"true\">Dario Cecchi, Angela Maiello, Tommaso Casini, Serafino Murri<\/p>\n<p>13.00 \u2013 15.00 pausa pranzo<\/p>\n<p>15.00 \u2013 18.00 seconda tavola rotonda &#8211; Le forme brevi in prospettiva semiotica<\/p>\n<p>Introduce Riccardo Finocchi<br aria-hidden=\"true\">Tiziana Migliore, Bianca Terracciano, Paolo Peverini, Franciscu Sedda,&nbsp;Marc Bogo, Luigi Virgolin, Leonardo Romei<\/p>\n<p>Discussant<br aria-hidden=\"true\">Pierluigi Cervelli, Michele Dentico, Paolo Sorrentino, Riccardo Bertolotti<\/p>\n<p>18.00 Discussione finale e aggiornamento del progetto<\/p>\n<p><a href=\"https:\/\/direzionemuseiroma.cultura.gov.it\/wp-content\/uploads\/2023\/02\/forme-brevi-programma.pdf\"><strong>Download PROGRAMMA<\/strong><\/a><\/p>\n","protected":false},"excerpt":{"rendered":"<p>Sabato 25 febbraio presso il Museo Hendrik Christian Andersen si terr\u00e0 il seminario FORME BREVI &#8211; SCRITTURE SINCRETICHE, in collaborazione con la cattedra di Semiotica del Dipartimento di Comunicazione e Ricerca Sociale della Sapienza Universit\u00e0 di Roma. Il seminario \u00e8 a cura della Prof. ssa Isabella Pezzini (Sapienza Universit\u00e0 di Roma) e del Prof. Riccardo Finocchi (Universit\u00e0 di Cassino). Negli ultimi anni \u00e8 apparsa sul web una nuova modalit\u00e0 di comunicazione che ha registrato una impressionante circolazione discorsiva. Comprensibile a tutti e usata da un numero elevato (e in continua crescita) di utenti, essa \u00e8 caratterizzata dalla combinazione di immagini, suoni e parole per produrre testi, generalmente piuttosto brevi, mobilitando un repertorio ampio ed eterogeneo di risorse semiotiche ed estetiche. Si pensi, ad esempio, ai \u201cmeme\u201d audiovisivi o alle funzionalit\u00e0 e app dedicate, quali Instagram Stories o Tik Tok di cui anche i Musei stanno facendo un uso frequente. \u00c8 interessante notare come, sul piano dell\u2019espressione, questa scrittura sincretica esternalizzi e testualizzi le procedure tipicamente multimodali e sinestetiche che caratterizzano il lavoro pi\u00f9 originario della nostra immaginazione. Le manifestazioni testuali di questa forma espressiva sono state fin qui raccolte in corpus pi\u00f9 o meno omogenei, utilizzando criteri di classificazione che hanno dato luogo a un numero molto elevato di definizioni, quali remix, rimediazione, rimontaggio, re-enactement, rilocazione, intermedialit\u00e0, postmedialit\u00e0 (Bolter, Casetti, Eugeni, Grusin, No\u00eb) ecc. Ci si potrebbe tuttavia chiedere, in via preliminare, se il modo migliore per comprendere e studiare questa modalit\u00e0 espressiva sincretica non consista nell\u2019interpretarla a partire dal suo orientamento caratteristico verso un formato breve (riferibile anche all\u2019idea di \u201cforme semplici\u201d di Jolles) che si avvale di una scrittura sincretica, in quanto tale capace di essere appresa, interiorizzata e performata, nonch\u00e9 di evolvere secondo linee di sviluppo che sono solo in parte preventivabili bench\u00e9 riferibili a pratiche comunicative che tendono a pertinentizzare le stesse modalit\u00e0 di blending espressivo. Se cos\u00ec fosse, ci troveremmo di fronte a un fenomeno che potrebbe riservare conseguenze culturali analoghe a quelle ascrivibili alla scrittura lineare e alla stampa a caratteri mobili (Havelock, McLuhan, Ong). Il seminario si propone di esplorare secondo diversi approcci il rapporto significativo tra scritture sincretiche e forme brevi. PROGRAMMA 9.30 Apertura seminarioMaria Giuseppina di Monte &#8211; Saluti istituzionali 09.45 Introduzione ai lavoriIsabella Pezzini, Sapienza Universit\u00e0 di RomaAnne Beyaert-Geslin, Universit\u00e9 Bordeaux-Montaigne \u200b10.45 \u2013 11.15 discussione 11.30 \u2013 13.00 prima tavola rotonda &#8211; Le forme brevi in prospettiva estetica Introduce Pietro MontaniDario Cecchi, Angela Maiello, Tommaso Casini, Serafino Murri 13.00 \u2013 15.00 pausa pranzo 15.00 \u2013 18.00 seconda tavola rotonda &#8211; Le forme brevi in prospettiva semiotica Introduce Riccardo FinocchiTiziana Migliore, Bianca Terracciano, Paolo Peverini, Franciscu Sedda,&nbsp;Marc Bogo, Luigi Virgolin, Leonardo Romei DiscussantPierluigi Cervelli, Michele Dentico, Paolo Sorrentino, Riccardo Bertolotti 18.00 Discussione finale e aggiornamento del progetto Download PROGRAMMA<\/p>\n","protected":false},"author":1,"featured_media":10540,"comment_status":"open","ping_status":"open","sticky":false,"template":"","format":"standard","meta":{"om_disable_all_campaigns":false,"footnotes":""},"categories":[69,110,74],"tags":[],"pp_force_visibility":null,"pp_subpost_visibility":null,"pp_inherited_force_visibility":null,"pp_inherited_subpost_visibility":null,"aioseo_notices":[],"_links":{"self":[{"href":"https:\/\/direzionemuseiroma.cultura.gov.it\/en\/wp-json\/wp\/v2\/posts\/18290"}],"collection":[{"href":"https:\/\/direzionemuseiroma.cultura.gov.it\/en\/wp-json\/wp\/v2\/posts"}],"about":[{"href":"https:\/\/direzionemuseiroma.cultura.gov.it\/en\/wp-json\/wp\/v2\/types\/post"}],"author":[{"embeddable":true,"href":"https:\/\/direzionemuseiroma.cultura.gov.it\/en\/wp-json\/wp\/v2\/users\/1"}],"replies":[{"embeddable":true,"href":"https:\/\/direzionemuseiroma.cultura.gov.it\/en\/wp-json\/wp\/v2\/comments?post=18290"}],"version-history":[{"count":0,"href":"https:\/\/direzionemuseiroma.cultura.gov.it\/en\/wp-json\/wp\/v2\/posts\/18290\/revisions"}],"wp:featuredmedia":[{"embeddable":true,"href":"https:\/\/direzionemuseiroma.cultura.gov.it\/en\/wp-json\/wp\/v2\/media\/10540"}],"wp:attachment":[{"href":"https:\/\/direzionemuseiroma.cultura.gov.it\/en\/wp-json\/wp\/v2\/media?parent=18290"}],"wp:term":[{"taxonomy":"category","embeddable":true,"href":"https:\/\/direzionemuseiroma.cultura.gov.it\/en\/wp-json\/wp\/v2\/categories?post=18290"},{"taxonomy":"post_tag","embeddable":true,"href":"https:\/\/direzionemuseiroma.cultura.gov.it\/en\/wp-json\/wp\/v2\/tags?post=18290"}],"curies":[{"name":"wp","href":"https:\/\/api.w.org\/{rel}","templated":true}]}}