{"id":18281,"date":"2023-03-17T09:50:40","date_gmt":"2023-03-17T08:50:40","guid":{"rendered":"https:\/\/direzionemuseiroma.cultura.gov.it\/al-museo-nazionale-degli-strumenti-musicali-dal-18-marzo-la-rassegna-festival-popolare-italiano\/"},"modified":"2023-03-17T09:50:40","modified_gmt":"2023-03-17T08:50:40","slug":"al-museo-nazionale-degli-strumenti-musicali-dal-18-marzo-la-rassegna-festival-popolare-italiano","status":"publish","type":"post","link":"https:\/\/direzionemuseiroma.cultura.gov.it\/en\/al-museo-nazionale-degli-strumenti-musicali-dal-18-marzo-la-rassegna-festival-popolare-italiano\/","title":{"rendered":"Al Museo Nazionale degli Strumenti Musicali dal 18 marzo la rassegna &#8220;Festival Popolare Italiano&#8221;"},"content":{"rendered":"<p>Dal 18 marzo al 27 maggio 2023 si terr\u00e0 presso il Museo Nazionale degli Strumenti Musicali, museo afferente alla Direzione Musei Statali della citt\u00e0 di Roma, il Festival Popolare italiano, rassegna giunta alla nona edizione e che porta a Roma la ricchezza della musica popolare, folk, etnica e world.<\/p>\n<p><strong>PROGRAMMA<\/strong><\/p>\n<p><strong>18 marzo ore 17.30<\/strong><br \/>\n<em>Alessia Tondo<\/em><br \/>\n&#8220;Sita&#8221;<\/p>\n<p><strong>29 aprile ore 17.30<\/strong><br \/>\n<em>Tenore San Gavino di Oniferi<\/em><br \/>\n&#8220;Sardos&#8221;<\/p>\n<p><strong>13 maggio ore 20.30<\/strong><br \/>\n<em>Rachele Andrioli<\/em><br \/>\n&#8220;Leuca&#8221;<\/p>\n<p><strong>26 maggio ore 17.30<\/strong><br \/>\n<em>Claudio Prima &amp; Seme<\/em><br \/>\n&#8220;Enjoy&#8221;<\/p>\n<p><strong>27 maggio ore 17.30<\/strong><br \/>\n<em>Enzo Rao<\/em><br \/>\n&#8220;Shamal Re-Wind&#8221;<\/p>\n<p><em>Mario Crispi<\/em><br \/>\n&#8220;Arenaria&#8221;<\/p>\n<p>L\u2019ingresso al concerto e alle attivit\u00e0 della rassegna \u00e8 incluso nel costo del biglietto di ingresso al Museo; si avr\u00e0 quindi la possibilit\u00e0 di visitare i due piani espositivi, conoscere l\u2019importante collezione e assistere ai cantieri di restauro aperti al pubblico.<\/p>\n<hr>\n<p>Scarica il <a href=\"https:\/\/direzionemuseiroma.cultura.gov.it\/wp-content\/uploads\/2023\/03\/cs_-Festival-Popolare-italiano.pdf\" target=\"_blank\" rel=\"noopener noreferrer\">COMUNICATO STAMPA<\/a><\/p>\n<p><a href=\"https:\/\/direzionemuseiroma.cultura.gov.it\/wp-content\/uploads\/2023\/03\/Strumenti-Musicali-FPI_2023-768x1080.jpg\" target=\"_blank\" rel=\"noopener noreferrer\"><br \/>\n<img decoding=\"async\" loading=\"lazy\" width=\"768\" height=\"1080\" src=\"https:\/\/direzionemuseiroma.cultura.gov.it\/wp-content\/uploads\/2023\/03\/Strumenti-Musicali-FPI_2023-768x1080.jpg\" alt=\"\" srcset=\"https:\/\/direzionemuseiroma.cultura.gov.it\/wp-content\/uploads\/2023\/03\/Strumenti-Musicali-FPI_2023-768x1080.jpg 768w, https:\/\/direzionemuseiroma.cultura.gov.it\/wp-content\/uploads\/2023\/03\/Strumenti-Musicali-FPI_2023-213x300.jpg 213w, https:\/\/direzionemuseiroma.cultura.gov.it\/wp-content\/uploads\/2023\/03\/Strumenti-Musicali-FPI_2023-728x1024.jpg 728w, https:\/\/direzionemuseiroma.cultura.gov.it\/wp-content\/uploads\/2023\/03\/Strumenti-Musicali-FPI_2023-1092x1536.jpg 1092w, https:\/\/direzionemuseiroma.cultura.gov.it\/wp-content\/uploads\/2023\/03\/Strumenti-Musicali-FPI_2023-1457x2048.jpg 1457w, https:\/\/direzionemuseiroma.cultura.gov.it\/wp-content\/uploads\/2023\/03\/Strumenti-Musicali-FPI_2023.jpg 1517w\" sizes=\"(max-width: 768px) 100vw, 768px\">\t\t\t\t\t\t\t\t<\/a><\/p>\n","protected":false},"excerpt":{"rendered":"<p>Dal 18 marzo al 27 maggio 2023 si terr\u00e0 presso il Museo Nazionale degli Strumenti Musicali, museo afferente alla Direzione Musei Statali della citt\u00e0 di Roma, il Festival Popolare italiano, rassegna giunta alla nona edizione e che porta a Roma la ricchezza della musica popolare, folk, etnica e world. PROGRAMMA 18 marzo ore 17.30 Alessia Tondo &#8220;Sita&#8221; 29 aprile ore 17.30 Tenore San Gavino di Oniferi &#8220;Sardos&#8221; 13 maggio ore 20.30 Rachele Andrioli &#8220;Leuca&#8221; 26 maggio ore 17.30 Claudio Prima &amp; Seme &#8220;Enjoy&#8221; 27 maggio ore 17.30 Enzo Rao &#8220;Shamal Re-Wind&#8221; Mario Crispi &#8220;Arenaria&#8221; L\u2019ingresso al concerto e alle attivit\u00e0 della rassegna \u00e8 incluso nel costo del biglietto di ingresso al Museo; si avr\u00e0 quindi la possibilit\u00e0 di visitare i due piani espositivi, conoscere l\u2019importante collezione e assistere ai cantieri di restauro aperti al pubblico. Scarica il COMUNICATO STAMPA<\/p>\n","protected":false},"author":1,"featured_media":10564,"comment_status":"closed","ping_status":"open","sticky":false,"template":"","format":"standard","meta":{"om_disable_all_campaigns":false,"footnotes":""},"categories":[69,110,75],"tags":[],"pp_force_visibility":null,"pp_subpost_visibility":null,"pp_inherited_force_visibility":null,"pp_inherited_subpost_visibility":null,"aioseo_notices":[],"_links":{"self":[{"href":"https:\/\/direzionemuseiroma.cultura.gov.it\/en\/wp-json\/wp\/v2\/posts\/18281"}],"collection":[{"href":"https:\/\/direzionemuseiroma.cultura.gov.it\/en\/wp-json\/wp\/v2\/posts"}],"about":[{"href":"https:\/\/direzionemuseiroma.cultura.gov.it\/en\/wp-json\/wp\/v2\/types\/post"}],"author":[{"embeddable":true,"href":"https:\/\/direzionemuseiroma.cultura.gov.it\/en\/wp-json\/wp\/v2\/users\/1"}],"replies":[{"embeddable":true,"href":"https:\/\/direzionemuseiroma.cultura.gov.it\/en\/wp-json\/wp\/v2\/comments?post=18281"}],"version-history":[{"count":0,"href":"https:\/\/direzionemuseiroma.cultura.gov.it\/en\/wp-json\/wp\/v2\/posts\/18281\/revisions"}],"wp:featuredmedia":[{"embeddable":true,"href":"https:\/\/direzionemuseiroma.cultura.gov.it\/en\/wp-json\/wp\/v2\/media\/10564"}],"wp:attachment":[{"href":"https:\/\/direzionemuseiroma.cultura.gov.it\/en\/wp-json\/wp\/v2\/media?parent=18281"}],"wp:term":[{"taxonomy":"category","embeddable":true,"href":"https:\/\/direzionemuseiroma.cultura.gov.it\/en\/wp-json\/wp\/v2\/categories?post=18281"},{"taxonomy":"post_tag","embeddable":true,"href":"https:\/\/direzionemuseiroma.cultura.gov.it\/en\/wp-json\/wp\/v2\/tags?post=18281"}],"curies":[{"name":"wp","href":"https:\/\/api.w.org\/{rel}","templated":true}]}}