{"id":18244,"date":"2023-08-28T16:56:56","date_gmt":"2023-08-28T16:56:56","guid":{"rendered":"https:\/\/direzionemuseiroma.cultura.gov.it\/le-storie-di-castel-santangelo-ciclo-di-conferenze\/"},"modified":"2023-08-28T16:56:56","modified_gmt":"2023-08-28T16:56:56","slug":"le-storie-di-castel-santangelo-ciclo-di-conferenze","status":"publish","type":"post","link":"https:\/\/direzionemuseiroma.cultura.gov.it\/en\/le-storie-di-castel-santangelo-ciclo-di-conferenze\/","title":{"rendered":"Le \u201cSTORIE\u201d di CASTEL SANT\u2019ANGELO &#8211; Ciclo di conferenze"},"content":{"rendered":"<p>Castel Sant\u2019Angelo intende inaugurare la sala conferenze realizzata all\u2019interno della Cappella dei Condannati ed aprirla al pubblico con una serie di incontri divulgativi sulla storia di Castello. La serie inizier\u00e0 con il racconto dei personaggi che sono al centro della mostra <em>La bilancia e la spada. Storie di Giustizia a Castel Sant\u2019Angelo<\/em>, allestita nelle sale del Museo dal 19 giugno al 1\u00b0 ottobre 2023, a cura di <strong>Mariastella Margozzi<\/strong>, <strong>Vincenzo Lemmo<\/strong>, <strong>Michele Occhioni<\/strong> e <strong>Laura Salerno<\/strong>. Nelle quattro conferenze i relatori approfondiranno le vicende delle figure storiche e di fantasia illustrate nelle varie sezioni dell\u2019esposizione, che tramite dipinti, sculture, disegni, incisioni e documenti ricostruisce la storia dell\u2019esercizio della giustizia a Castel Sant\u2019Angelo e dei suoi protagonisti. L\u2019antica Mole Adrianea nasce infatti come tomba dell\u2019imperatore Adriano e dei suoi successori, ma alla caduta dell\u2019Impero romano abbandona definitivamente la sua funzione di Mausoleo per assumere quella di fortezza e ben presto anche di carcere, divenendo, oltre che residenza papale, un luogo di prigionia e di supplizi per i vinti di ogni epoca.<br \/>\n<strong>Mariastella Margozzi<\/strong> nella prima conferenza, in programma per il 4 settembre, illustrer\u00e0 la tragica vicenda di Beatrice Cenci e della sua famiglia, accusata di parricidio e giustiziata alla fine del \u2018500 proprio al di l\u00e0 di Ponte Sant\u2019Angelo.<br \/>\nL\u201911 settembre <strong>Michele Occhioni<\/strong> analizzer\u00e0 la figura artistica e avventurosa di Benvenuto Cellini, che gi\u00e0 nel 1527, durante il Sacco di Roma, si ritrov\u00f2 rinchiuso in Castel Sant\u2019Angelo insieme a papa Clemente VII e si distinse per le sue capacit\u00e0 di archibugiere, salvo poi tornarvi nel 1538 come prigioniero: accusato di furto, fu autore di una fuga degna di un romanzo, per poi venire catturato di nuovo dopo poco tempo. <strong>Mario Nissolino<\/strong> illustrer\u00e0 invece le prigioni storiche, dalle temute segrete utilizzate nel XVI secolo alle carceri che ospitarono tanti protagonisti della Roma rivoluzionaria dell\u2019800, come i carbonari che persero la vita per un sogno di libert\u00e0 e i garibaldini fatti prigionieri nel 1867 e poi graziati da papa Pio IX.<br \/>\nIl 18 settembre <strong>Vincenzo Lemmo<\/strong> dar\u00e0 voce al carnefice per eccellenza della Roma papalina, Mastro Titta, che dal 1796 al 1864 fu il \u201cMaestro di Giustizie\u201d dello Stato Pontificio, e anche ai numerosi carcerati che, durante la loro prigionia, lasciarono incisioni e scritte sulle pareti di Castel Sant\u2019Angelo, ancora oggi visibili in diverse sale. <strong>Laura Salerno<\/strong> parler\u00e0 delle <em>Carceri d\u2019invenzione<\/em> di Giovan Battista Piranesi, una serie di incisioni ad acquaforte frutto della fantasia dell\u2019artista veneto, che in molti dettagli dovette prendere spunto proprio dalle poderose strutture di Castel Sant\u2019Angelo.<br \/>\nIl 25 settembre <strong>Federico Lardera<\/strong> e <strong>Egidio Senatore<\/strong>, insieme a <strong>Laura Salerno<\/strong>, approfondiranno la vicenda dell\u2019alchimista Giuseppe Francesco Borri, probabile autore della celebre Porta Magica, che \u00e8 l\u2019oggetto di un\u2019installazione artistica presente in mostra realizzata dai due architetti. Laura Salerno ripercorrer\u00e0 inoltre le vicende dell\u2019enigmatico Conte di Cagliostro, negromante, medico e ciarlatano, il quale, secondo la tradizione, fu rinchiuso per la sua partecipazione alla Massoneria in una stanza del Castello oggi denominata appunto Cagliostra.<\/p>\n<p>Ogni conferenza sar\u00e0 seguita dalla proiezione del filmato di <strong>Marco Agostinelli<\/strong> <em>I Misteri di Castel Sant\u2019Angelo<\/em>; sar\u00e0 anche possibile seguire le visite guidate dai relatori alle varie sezioni della mostra illustrate negli interventi e ai vari luoghi di Castel Sant\u2019Angelo dove si svolsero le vicende dei personaggi storici o di fantasia trattati.<\/p>\n<p>Nei mesi successivi si terranno ulteriori conferenze che andranno oltre l\u2019ambito della mostra e della storia di Castello, a partire dal 2 ottobre, quando si parler\u00e0 di arte contemporanea, in particolare dei graffiti nella metropolitana di Roma.<\/p>\n<p>Questo il programma del mese di settembre:<\/p>\n<p>Luned\u00ec 4 settembre 2023, ore 17.30<br \/>\nTema: <strong><em>Beatrice Cenci <\/em><\/strong><br \/>\nInterviene Mariastella Margozzi<br \/>\nModera Michele Occhioni<br \/>\nPrenotazioni: <a href=\"https:\/\/forms.gle\/TcEkQ3LJBvymNfyZA\" target=\"_blank\" rel=\"noopener noreferrer\">https:\/\/forms.gle\/TcEkQ3LJBvymNfyZA<\/a><\/p>\n<p>Luned\u00ec 11 settembre 2023, ore 17.30<br \/>\nTema: <strong><em>Benvenuto Cellini a Castel Sant\u2019Angelo e le prigioni storiche<\/em><\/strong><br \/>\nIntervengono Michele Occhioni e Mario Nissolino<br \/>\nModera Laura Salerno<br \/>\nPrenotazioni: <a href=\"https:\/\/forms.gle\/Ne59F6VFfvyTWB7FA\" target=\"_blank\" rel=\"noopener noreferrer\">https:\/\/forms.gle\/Ne59F6VFfvyTWB7FA<\/a><\/p>\n<p>Luned\u00ec 18 settembre 2023, ore 17.30<br \/>\nTema: <strong><em>Crimini e Giustizie, Mastro Titta, i graffiti dei prigionieri, le Carceri piranesiane<\/em><\/strong><br \/>\nIntervengono Vincenzo Lemmo e Laura Salerno<br \/>\nModera Michele Occhioni<br \/>\nPrenotazioni: <a href=\"https:\/\/forms.gle\/ui4VKbU9wpbyJAcA9\" target=\"_blank\" rel=\"noopener noreferrer\">https:\/\/forms.gle\/ui4VKbU9wpbyJAcA9<\/a><\/p>\n<p>Luned\u00ec 25 settembre 2023, ore 17.30<br \/>\nTema: <strong><em>Cagliostro, Borri e la Porta Magica<\/em><\/strong><br \/>\nIntervengono Federico Lardera, Egidio Senatore e Laura Salerno<br \/>\nModera Michele Occhioni<br \/>\nPrenotazioni: <a href=\"https:\/\/forms.gle\/giHee7hnwQLCY1Ui8\" target=\"_blank\" rel=\"noopener noreferrer\">https:\/\/forms.gle\/giHee7hnwQLCY1Ui8<\/a><\/p>\n<p><strong>La partecipazione alle conferenze \u00e8 gratuita con prenotazione obbligatoria tramite google form (fino a esaurimento posti)<\/strong><\/p>\n<p><strong>Direzione Musei statali della citt\u00e0 di Roma \u2013 Museo Nazionale di Castel Sant\u2019Angelo<br \/>\n<\/strong>www.direzionemuseistataliroma.beniculturali.it; www.castelsantangelo.beniculturali.it<br \/>\nUfficio Promozione e Comunicazione: <a href=\"mailto:dms-rm.comunicazione@cultura.gov.it\">dms-rm.comunicazione@cultura.gov.it<\/a><\/p>\n<p>Scarica il <a href=\"https:\/\/www.direzionemuseistataliroma.beniculturali.it\/wp-content\/uploads\/2023\/08\/cs_conferenze-LE-STORIE-DI-CASTEL-SANTANGELO-1.pdf\" target=\"_blank\" rel=\"noopener noreferrer\">COMUNICATO STAMPA<\/a><\/p>\n<p><a href=\"https:\/\/www.direzionemuseistataliroma.beniculturali.it\/wp-content\/uploads\/2023\/08\/LEDWALL-completo.jpg\"><br \/>\n<img decoding=\"async\" loading=\"lazy\" width=\"768\" height=\"360\" src=\"https:\/\/www.direzionemuseistataliroma.beniculturali.it\/wp-content\/uploads\/2023\/08\/LEDWALL-completo-768x360.jpg\" alt=\"\" srcset=\"https:\/\/www.direzionemuseistataliroma.beniculturali.it\/wp-content\/uploads\/2023\/08\/LEDWALL-completo-768x360.jpg 768w, https:\/\/www.direzionemuseistataliroma.beniculturali.it\/wp-content\/uploads\/2023\/08\/LEDWALL-completo-300x141.jpg 300w, https:\/\/www.direzionemuseistataliroma.beniculturali.it\/wp-content\/uploads\/2023\/08\/LEDWALL-completo-1024x480.jpg 1024w, https:\/\/www.direzionemuseistataliroma.beniculturali.it\/wp-content\/uploads\/2023\/08\/LEDWALL-completo-1536x720.jpg 1536w, https:\/\/www.direzionemuseistataliroma.beniculturali.it\/wp-content\/uploads\/2023\/08\/LEDWALL-completo-2048x960.jpg 2048w\" sizes=\"(max-width: 768px) 100vw, 768px\" \/>\t\t\t\t\t\t\t\t<\/a><\/p>\n","protected":false},"excerpt":{"rendered":"<p>Castel Sant\u2019Angelo intende inaugurare la sala conferenze realizzata all\u2019interno della Cappella dei Condannati ed aprirla al pubblico con una serie di incontri divulgativi sulla storia di Castello. La serie inizier\u00e0 con il racconto dei personaggi che sono al centro della mostra La bilancia e la spada. Storie di Giustizia a Castel Sant\u2019Angelo, allestita nelle sale del Museo dal 19 giugno al 1\u00b0 ottobre 2023, a cura di Mariastella Margozzi, Vincenzo Lemmo, Michele Occhioni e Laura Salerno. Nelle quattro conferenze i relatori approfondiranno le vicende delle figure storiche e di fantasia illustrate nelle varie sezioni dell\u2019esposizione, che tramite dipinti, sculture, disegni, incisioni e documenti ricostruisce la storia dell\u2019esercizio della giustizia a Castel Sant\u2019Angelo e dei suoi protagonisti. L\u2019antica Mole Adrianea nasce infatti come tomba dell\u2019imperatore Adriano e dei suoi successori, ma alla caduta dell\u2019Impero romano abbandona definitivamente la sua funzione di Mausoleo per assumere quella di fortezza e ben presto anche di carcere, divenendo, oltre che residenza papale, un luogo di prigionia e di supplizi per i vinti di ogni epoca. Mariastella Margozzi nella prima conferenza, in programma per il 4 settembre, illustrer\u00e0 la tragica vicenda di Beatrice Cenci e della sua famiglia, accusata di parricidio e giustiziata alla fine del \u2018500 proprio al di l\u00e0 di Ponte Sant\u2019Angelo. L\u201911 settembre Michele Occhioni analizzer\u00e0 la figura artistica e avventurosa di Benvenuto Cellini, che gi\u00e0 nel 1527, durante il Sacco di Roma, si ritrov\u00f2 rinchiuso in Castel Sant\u2019Angelo insieme a papa Clemente VII e si distinse per le sue capacit\u00e0 di archibugiere, salvo poi tornarvi nel 1538 come prigioniero: accusato di furto, fu autore di una fuga degna di un romanzo, per poi venire catturato di nuovo dopo poco tempo. Mario Nissolino illustrer\u00e0 invece le prigioni storiche, dalle temute segrete utilizzate nel XVI secolo alle carceri che ospitarono tanti protagonisti della Roma rivoluzionaria dell\u2019800, come i carbonari che persero la vita per un sogno di libert\u00e0 e i garibaldini fatti prigionieri nel 1867 e poi graziati da papa Pio IX. Il 18 settembre Vincenzo Lemmo dar\u00e0 voce al carnefice per eccellenza della Roma papalina, Mastro Titta, che dal 1796 al 1864 fu il \u201cMaestro di Giustizie\u201d dello Stato Pontificio, e anche ai numerosi carcerati che, durante la loro prigionia, lasciarono incisioni e scritte sulle pareti di Castel Sant\u2019Angelo, ancora oggi visibili in diverse sale. Laura Salerno parler\u00e0 delle Carceri d\u2019invenzione di Giovan Battista Piranesi, una serie di incisioni ad acquaforte frutto della fantasia dell\u2019artista veneto, che in molti dettagli dovette prendere spunto proprio dalle poderose strutture di Castel Sant\u2019Angelo. Il 25 settembre Federico Lardera e Egidio Senatore, insieme a Laura Salerno, approfondiranno la vicenda dell\u2019alchimista Giuseppe Francesco Borri, probabile autore della celebre Porta Magica, che \u00e8 l\u2019oggetto di un\u2019installazione artistica presente in mostra realizzata dai due architetti. Laura Salerno ripercorrer\u00e0 inoltre le vicende dell\u2019enigmatico Conte di Cagliostro, negromante, medico e ciarlatano, il quale, secondo la tradizione, fu rinchiuso per la sua partecipazione alla Massoneria in una stanza del Castello oggi denominata appunto Cagliostra. Ogni conferenza sar\u00e0 seguita dalla proiezione del filmato di Marco Agostinelli I Misteri di Castel Sant\u2019Angelo; sar\u00e0 anche possibile seguire le visite guidate dai relatori alle varie sezioni della mostra illustrate negli interventi e ai vari luoghi di Castel Sant\u2019Angelo dove si svolsero le vicende dei personaggi storici o di fantasia trattati. Nei mesi successivi si terranno ulteriori conferenze che andranno oltre l\u2019ambito della mostra e della storia di Castello, a partire dal 2 ottobre, quando si parler\u00e0 di arte contemporanea, in particolare dei graffiti nella metropolitana di Roma. Questo il programma del mese di settembre: Luned\u00ec 4 settembre 2023, ore 17.30 Tema: Beatrice Cenci Interviene Mariastella Margozzi Modera Michele Occhioni Prenotazioni: https:\/\/forms.gle\/TcEkQ3LJBvymNfyZA Luned\u00ec 11 settembre 2023, ore 17.30 Tema: Benvenuto Cellini a Castel Sant\u2019Angelo e le prigioni storiche Intervengono Michele Occhioni e Mario Nissolino Modera Laura Salerno Prenotazioni: https:\/\/forms.gle\/Ne59F6VFfvyTWB7FA Luned\u00ec 18 settembre 2023, ore 17.30 Tema: Crimini e Giustizie, Mastro Titta, i graffiti dei prigionieri, le Carceri piranesiane Intervengono Vincenzo Lemmo e Laura Salerno Modera Michele Occhioni Prenotazioni: https:\/\/forms.gle\/ui4VKbU9wpbyJAcA9 Luned\u00ec 25 settembre 2023, ore 17.30 Tema: Cagliostro, Borri e la Porta Magica Intervengono Federico Lardera, Egidio Senatore e Laura Salerno Modera Michele Occhioni Prenotazioni: https:\/\/forms.gle\/giHee7hnwQLCY1Ui8 La partecipazione alle conferenze \u00e8 gratuita con prenotazione obbligatoria tramite google form (fino a esaurimento posti) Direzione Musei statali della citt\u00e0 di Roma \u2013 Museo Nazionale di Castel Sant\u2019Angelo www.direzionemuseistataliroma.beniculturali.it; www.castelsantangelo.beniculturali.it Ufficio Promozione e Comunicazione: dms-rm.comunicazione@cultura.gov.it Scarica il COMUNICATO STAMPA<\/p>\n","protected":false},"author":1,"featured_media":10647,"comment_status":"closed","ping_status":"open","sticky":false,"template":"","format":"standard","meta":{"om_disable_all_campaigns":false,"footnotes":""},"categories":[68,69],"tags":[],"pp_force_visibility":null,"pp_subpost_visibility":null,"pp_inherited_force_visibility":null,"pp_inherited_subpost_visibility":null,"aioseo_notices":[],"_links":{"self":[{"href":"https:\/\/direzionemuseiroma.cultura.gov.it\/en\/wp-json\/wp\/v2\/posts\/18244"}],"collection":[{"href":"https:\/\/direzionemuseiroma.cultura.gov.it\/en\/wp-json\/wp\/v2\/posts"}],"about":[{"href":"https:\/\/direzionemuseiroma.cultura.gov.it\/en\/wp-json\/wp\/v2\/types\/post"}],"author":[{"embeddable":true,"href":"https:\/\/direzionemuseiroma.cultura.gov.it\/en\/wp-json\/wp\/v2\/users\/1"}],"replies":[{"embeddable":true,"href":"https:\/\/direzionemuseiroma.cultura.gov.it\/en\/wp-json\/wp\/v2\/comments?post=18244"}],"version-history":[{"count":0,"href":"https:\/\/direzionemuseiroma.cultura.gov.it\/en\/wp-json\/wp\/v2\/posts\/18244\/revisions"}],"wp:featuredmedia":[{"embeddable":true,"href":"https:\/\/direzionemuseiroma.cultura.gov.it\/en\/wp-json\/wp\/v2\/media\/10647"}],"wp:attachment":[{"href":"https:\/\/direzionemuseiroma.cultura.gov.it\/en\/wp-json\/wp\/v2\/media?parent=18244"}],"wp:term":[{"taxonomy":"category","embeddable":true,"href":"https:\/\/direzionemuseiroma.cultura.gov.it\/en\/wp-json\/wp\/v2\/categories?post=18244"},{"taxonomy":"post_tag","embeddable":true,"href":"https:\/\/direzionemuseiroma.cultura.gov.it\/en\/wp-json\/wp\/v2\/tags?post=18244"}],"curies":[{"name":"wp","href":"https:\/\/api.w.org\/{rel}","templated":true}]}}