{"id":18184,"date":"2024-01-23T09:57:31","date_gmt":"2024-01-23T09:57:31","guid":{"rendered":"https:\/\/direzionemuseiroma.cultura.gov.it\/giubileo-2025-le-vie-della-fede-testimonianze-darte-e-di-pensiero-mostra-al-museo-nazionale-di-castel-santangelo\/"},"modified":"2024-09-13T10:47:56","modified_gmt":"2024-09-13T10:47:56","slug":"giubileo-2025-le-vie-della-fede-testimonianze-darte-e-di-pensiero-mostra-al-museo-nazionale-di-castel-santangelo","status":"publish","type":"post","link":"https:\/\/direzionemuseiroma.cultura.gov.it\/en\/giubileo-2025-le-vie-della-fede-testimonianze-darte-e-di-pensiero-mostra-al-museo-nazionale-di-castel-santangelo\/","title":{"rendered":"&#8220;GIUBILEO 2025. LE VIE DELLA FEDE. Testimonianze d&#8217;arte e di pensiero&#8221; &#8211; Mostra al Museo Nazionale di Castel Sant&#8217;Angelo. Mostra prorogata fino al 1 settembre 2024"},"content":{"rendered":"\t\t<div data-elementor-type=\"wp-post\" data-elementor-id=\"18184\" class=\"elementor elementor-18184 elementor-13680\" data-elementor-post-type=\"post\">\n\t\t\t\t\t\t\t\t\t<section class=\"elementor-section elementor-top-section elementor-element elementor-element-2b54f930 elementor-section-boxed elementor-section-height-default elementor-section-height-default wpr-particle-no wpr-jarallax-no wpr-parallax-no wpr-sticky-section-no\" data-id=\"2b54f930\" data-element_type=\"section\">\n\t\t\t\t\t\t<div class=\"elementor-container elementor-column-gap-default\">\n\t\t\t\t\t<div class=\"elementor-column elementor-col-100 elementor-top-column elementor-element elementor-element-790defb6\" data-id=\"790defb6\" data-element_type=\"column\">\n\t\t\t<div class=\"elementor-widget-wrap elementor-element-populated\">\n\t\t\t\t\t\t\t\t<div class=\"elementor-element elementor-element-53fb1e elementor-widget elementor-widget-text-editor\" data-id=\"53fb1e\" data-element_type=\"widget\" data-widget_type=\"text-editor.default\">\n\t\t\t\t<div class=\"elementor-widget-container\">\n\t\t\t<style>\/*! elementor - v3.15.0 - 09-08-2023 *\/\n.elementor-widget-text-editor.elementor-drop-cap-view-stacked .elementor-drop-cap{background-color:#69727d;color:#fff}.elementor-widget-text-editor.elementor-drop-cap-view-framed .elementor-drop-cap{color:#69727d;border:3px solid;background-color:transparent}.elementor-widget-text-editor:not(.elementor-drop-cap-view-default) .elementor-drop-cap{margin-top:8px}.elementor-widget-text-editor:not(.elementor-drop-cap-view-default) .elementor-drop-cap-letter{width:1em;height:1em}.elementor-widget-text-editor .elementor-drop-cap{float:left;text-align:center;line-height:1;font-size:50px}.elementor-widget-text-editor .elementor-drop-cap-letter{display:inline-block}<\/style>\t\t\t\t<p>Il 22 gennaio alle ore 17.00 \u00e8 stata inaugurata a Roma, presso il Museo Nazionale di Castel Sant\u2019Angelo, la mostra <strong>GIUBILEO 2025. LE VIE DELLA FEDE. Testimonianze d\u2019arte e di pensiero<\/strong>, promossa e organizzata dal Centro Europeo per il Turismo Cultura e Spettacolo e accolta negli spazi del Museo Nazionale di Castel Sant\u2019Angelo, afferente alla Direzione Musei Statali della citt\u00e0 di Roma del Ministero della Cultura.<\/p><p>Il progetto ripercorre l\u2019evoluzione attraverso i secoli di temi e figure dell\u2019arte sacra, testimonianze del complesso rapporto nel tempo della collettivit\u00e0 con il senso religioso, all\u2019interno di un luogo \u2013 Castel Sant\u2019Angelo \u2013 la cui storia si intreccia intimamente con quella della Chiesa.<\/p><p>La mostra, progettata e curata da <strong>Mariastella Margozzi, fino a pochi mesi fa Direttrice Musei Statali della Citt\u00e0 di Roma<\/strong>, con la collaborazione di <strong>St\u00e9phane Verger<\/strong> e del Cardinale <strong>Angelo Comastri<\/strong>, \u00e8 accompagnata da un catalogo edito da <strong>Gangemi Editore<\/strong> che presenta saggi dello stesso Cardinale <strong>Comastri<\/strong>, del Cardinale <strong>Agostino Marchetto<\/strong>, di <strong>Massimo Ruben Rossi<\/strong>, oltre che della curatrice. I testi relativi agli artisti e alle opere in mostra sono di <strong>Vincenzo Lemmo, Michele Occhioni, Laura Salerno, Riccardo Salvatori<\/strong>.<\/p><p>Dalle opere pi\u00f9 antiche, quelle di<strong> Vittore Crivelli<\/strong> della fine del Quattrocento, alle pi\u00f9 recenti del contemporaneo Omar Galliani, nella mostra si snoda un percorso che attraversa oltre cinquecento anni di storia. Partendo dall\u2019arte cinque-seicentesca (con opere, tra gli altri, di <strong>Orazio Gentileschi, Bernardo Cavallino, Mattia Preti<\/strong>), si passa per la scelta culturale degli artisti della modernit\u00e0 (<strong>Domenico Morelli, Gaetano Previati<\/strong>) per approdare, infine, alla ricerca di una profonda e rinnovata spiritualit\u00e0 in quelli della seconda met\u00e0 del Novecento (l\u2019angoscia di <strong>Mario Sironi<\/strong>, la ieratica serenit\u00e0 di <strong>Giacomo Manz\u00f9<\/strong>, la religiosa visione di <strong>Venanzo Crocetti<\/strong>, quella tempestosa di <strong>Pericle Fazzini<\/strong>, lo spirito caustico di <strong>Giovanni Hajnal<\/strong>). Con <strong>Omar Galliani<\/strong>, unico artista vivente ed esponente di primo piano della rinnovata ricerca figurativa, l\u2019esposizione affronta la rappresentazione contemporanea della comprensione e oggettivazione visiva dei misteri della Fede.<\/p><p>Parallelamente, e sempre nel solco dell\u2019esemplificazione delle tante possibili vie della Fede, la mostra si apre al pensiero di donne e uomini dell\u2019ultimo secolo: santi, beati, ma anche personaggi della cultura contemporanea.<\/p><p>\u00a0<\/p><p><strong>INFORMAZIONI<\/strong><\/p><p><strong>Roma, Museo Nazionale di Castel Sant\u2019Angelo<\/strong><br \/><strong>23 gennaio \u2013 30 giugno 2024<\/strong><\/p><p><em>Orari<\/em><br \/>Dal marted\u00ec alla domenica, dalle ore 9.00 alle ore 19.00 (ultimo ingresso ore 18.00).<br \/>Chiuso il luned\u00ec.<\/p><p><em>Biglietti e tariffe<\/em><\/p><p><strong>Intero<\/strong><br \/>Ingresso a Castel Sant\u2019Angelo: <strong>\u20ac 13,00 + ingresso mostra: \u20ac 6,50<\/strong><\/p><p><strong>Ridotto (18-25 anni)<\/strong><\/p><p>Ingresso a Castel Sant\u2019Angelo: <strong>\u20ac 2,00 + ingresso mostra: \u20ac 2,00<\/strong><\/p><p><strong>Gratuiti<\/strong><br \/>Come da normativa vigente: <a href=\"https:\/\/cultura.gov.it\/agevolazioni\" target=\"_blank\" rel=\"noopener\">https:\/\/cultura.gov.it\/agevolazioni<\/a><\/p><p>Per accedere alla mostra \u00e8 necessario essere in possesso del biglietto di ingresso per Castel Sant\u2019Angelo.<br \/>Resta comunque sempre possibile visitare solo Castel Sant\u2019Angelo.<\/p><p>Biglietti acquistabili in loco oppure online su <a href=\"https:\/\/www.gebart.it\/musei\/museo-nazionale-di-castel-santangelo\/\" target=\"_blank\" rel=\"noopener\">https:\/\/www.gebart.it\/musei\/museo-nazionale-di-castel-santangelo\/<\/a><\/p><p>\u00a0<\/p><p><span style=\"color: #ff6600;\"><strong>AVVISO<\/strong><\/span><\/p><p><strong>Dal 1\u00b0 marzo e fino al 30 giugno 2024<\/strong>\u00a0il biglietto d\u2019ingresso al Museo Nazionale di Castel Sant\u2019Angelo sar\u00e0 pari a\u00a0<strong>\u20ac 16,00<\/strong>\u00a0e includer\u00e0 anche la visita alla mostra \u201cGiubileo 2025. Le vie della Fede. Testimonianze d\u2019arte e di pensiero\u201d ospitata nelle Armerie Superiori (fino al 30 giugno 2024).<\/p><p><b><\/b><strong>Intero:\u00a0<\/strong>16 euro<br \/><strong>Ridotto:\u00a0<\/strong>2 euro per i\u00a0<span data-contrast=\"none\">cittadini dell\u2019Unione Europea tra 18 e 25 anni<\/span><span data-ccp-props=\"{&quot;201341983&quot;:0,&quot;335559739&quot;:0,&quot;335559740&quot;:259}\"><br \/><\/span><span data-contrast=\"none\"><strong>Gratuit\u00e0 di legge:\u00a0<\/strong>p<\/span><span data-contrast=\"none\">er l\u2019elenco completo delle agevolazioni si invita a\u00a0<\/span><span data-contrast=\"none\">visitare la pagina del MiC (<a href=\"https:\/\/cultura.gov.it\/agevolazioni\" target=\"_blank\" rel=\"noopener\">https:\/\/cultura.gov.it\/agevolazioni<\/a>)<\/span><span data-ccp-props=\"{&quot;201341983&quot;:0,&quot;335559739&quot;:0,&quot;335559740&quot;:259}\">\u00a0<\/span><\/p><p>\u00a0<\/p><p><em>Promotori<\/em><br \/>Ministero della Cultura \u2013 Direzione Musei statali della citt\u00e0 di Roma<\/p><p><em>Ideazione e organizzazione<\/em><br \/>Centro Europeo Turismo e Cultura S.r.l.<\/p><p><em>A cura di<\/em><br \/>Mariastella Margozzi<\/p><p><em>Con la collaborazione di<\/em><br \/>St\u00e9phane Verger<br \/>Cardinale Angelo Comastri<\/p><p><em>Catalogo<\/em><br \/>Gangemi Editore<\/p><p><em>Info mostra<\/em><br \/>066876600-066876448 (tutti i giorni ore 9.00-13.00)<br \/>info@centroeuropeoturismo.it<\/p><p>Scarica il <a href=\"https:\/\/direzionemuseiroma.cultura.gov.it\/wp-content\/uploads\/2024\/01\/COMUNICATO-STAMPA-Mostra-GIUBILEO-2025-LE-VIE-DELLA-FEDE.pdf\" target=\"_blank\" rel=\"noopener\" data-type=\"link\" data-id=\"https:\/\/direzionemuseiroma.cultura.gov.it\/wp-content\/uploads\/2023\/11\/cs-FIFTIES-IN-ROME.pdf\">comunicato stampa<\/a><\/p><p>Scarica la <a href=\"https:\/\/direzionemuseiroma.cultura.gov.it\/wp-content\/uploads\/2024\/01\/Manifesto-Mostra-GIUBILEO2025-LE-VIE-DELLA-FEDE-scaled.jpg\" target=\"_blank\" rel=\"noopener\">locandina<\/a><\/p><p><img decoding=\"async\" loading=\"lazy\" class=\"alignnone size-large wp-image-13720\" src=\"https:\/\/direzionemuseiroma.cultura.gov.it\/wp-content\/uploads\/2024\/01\/Manifesto-Mostra-GIUBILEO2025-LE-VIE-DELLA-FEDE-694x1024.jpg\" alt=\"\" width=\"694\" height=\"1024\" srcset=\"https:\/\/direzionemuseiroma.cultura.gov.it\/wp-content\/uploads\/2024\/01\/Manifesto-Mostra-GIUBILEO2025-LE-VIE-DELLA-FEDE-694x1024.jpg 694w, https:\/\/direzionemuseiroma.cultura.gov.it\/wp-content\/uploads\/2024\/01\/Manifesto-Mostra-GIUBILEO2025-LE-VIE-DELLA-FEDE-203x300.jpg 203w, https:\/\/direzionemuseiroma.cultura.gov.it\/wp-content\/uploads\/2024\/01\/Manifesto-Mostra-GIUBILEO2025-LE-VIE-DELLA-FEDE-768x1133.jpg 768w, https:\/\/direzionemuseiroma.cultura.gov.it\/wp-content\/uploads\/2024\/01\/Manifesto-Mostra-GIUBILEO2025-LE-VIE-DELLA-FEDE-1041x1536.jpg 1041w, https:\/\/direzionemuseiroma.cultura.gov.it\/wp-content\/uploads\/2024\/01\/Manifesto-Mostra-GIUBILEO2025-LE-VIE-DELLA-FEDE-1388x2048.jpg 1388w, https:\/\/direzionemuseiroma.cultura.gov.it\/wp-content\/uploads\/2024\/01\/Manifesto-Mostra-GIUBILEO2025-LE-VIE-DELLA-FEDE-scaled.jpg 1735w\" sizes=\"(max-width: 694px) 100vw, 694px\" \/><\/p>\t\t\t\t\t\t<\/div>\n\t\t\t\t<\/div>\n\t\t\t\t\t<\/div>\n\t\t<\/div>\n\t\t\t\t\t\t\t<\/div>\n\t\t<\/section>\n\t\t\t\t\t\t\t<\/div>\n\t\t","protected":false},"excerpt":{"rendered":"<p>Il 22 gennaio alle ore 17.00 \u00e8 stata inaugurata a Roma, presso il Museo Nazionale di Castel Sant\u2019Angelo, la mostra GIUBILEO 2025. LE VIE DELLA FEDE. Testimonianze d\u2019arte e di pensiero, promossa e organizzata dal Centro Europeo per il Turismo Cultura e Spettacolo e accolta negli spazi del Museo Nazionale di Castel Sant\u2019Angelo, afferente alla Direzione Musei Statali della citt\u00e0 di Roma del Ministero della Cultura. Il progetto ripercorre l\u2019evoluzione attraverso i secoli di temi e figure dell\u2019arte sacra, testimonianze del complesso rapporto nel tempo della collettivit\u00e0 con il senso religioso, all\u2019interno di un luogo \u2013 Castel Sant\u2019Angelo \u2013 la cui storia si intreccia intimamente con quella della Chiesa. La mostra, progettata e curata da Mariastella Margozzi, fino a pochi mesi fa Direttrice Musei Statali della Citt\u00e0 di Roma, con la collaborazione di St\u00e9phane Verger e del Cardinale Angelo Comastri, \u00e8 accompagnata da un catalogo edito da Gangemi Editore che presenta saggi dello stesso Cardinale Comastri, del Cardinale Agostino Marchetto, di Massimo Ruben Rossi, oltre che della curatrice. I testi relativi agli artisti e alle opere in mostra sono di Vincenzo Lemmo, Michele Occhioni, Laura Salerno, Riccardo Salvatori. Dalle opere pi\u00f9 antiche, quelle di Vittore Crivelli della fine del Quattrocento, alle pi\u00f9 recenti del contemporaneo Omar Galliani, nella mostra si snoda un percorso che attraversa oltre cinquecento anni di storia. Partendo dall\u2019arte cinque-seicentesca (con opere, tra gli altri, di Orazio Gentileschi, Bernardo Cavallino, Mattia Preti), si passa per la scelta culturale degli artisti della modernit\u00e0 (Domenico Morelli, Gaetano Previati) per approdare, infine, alla ricerca di una profonda e rinnovata spiritualit\u00e0 in quelli della seconda met\u00e0 del Novecento (l\u2019angoscia di Mario Sironi, la ieratica serenit\u00e0 di Giacomo Manz\u00f9, la religiosa visione di Venanzo Crocetti, quella tempestosa di Pericle Fazzini, lo spirito caustico di Giovanni Hajnal). Con Omar Galliani, unico artista vivente ed esponente di primo piano della rinnovata ricerca figurativa, l\u2019esposizione affronta la rappresentazione contemporanea della comprensione e oggettivazione visiva dei misteri della Fede. Parallelamente, e sempre nel solco dell\u2019esemplificazione delle tante possibili vie della Fede, la mostra si apre al pensiero di donne e uomini dell\u2019ultimo secolo: santi, beati, ma anche personaggi della cultura contemporanea. INFORMAZIONI Roma, Museo Nazionale di Castel Sant\u2019Angelo23 gennaio \u2013 30 giugno 2024 OrariDal marted\u00ec alla domenica, dalle ore 9.00 alle ore 19.00 (ultimo ingresso ore 18.00).Chiuso il luned\u00ec. Biglietti e tariffe InteroIngresso a Castel Sant\u2019Angelo: \u20ac 13,00 + ingresso mostra: \u20ac 6,50 Ridotto (18-25 anni) Ingresso a Castel Sant\u2019Angelo: \u20ac 2,00 + ingresso mostra: \u20ac 2,00 GratuitiCome da normativa vigente: https:\/\/cultura.gov.it\/agevolazioni Per accedere alla mostra \u00e8 necessario essere in possesso del biglietto di ingresso per Castel Sant\u2019Angelo.Resta comunque sempre possibile visitare solo Castel Sant\u2019Angelo. Biglietti acquistabili in loco oppure online su https:\/\/www.gebart.it\/musei\/museo-nazionale-di-castel-santangelo\/ AVVISO Dal 1\u00b0 marzo e fino al 30 giugno 2024\u00a0il biglietto d\u2019ingresso al Museo Nazionale di Castel Sant\u2019Angelo sar\u00e0 pari a\u00a0\u20ac 16,00\u00a0e includer\u00e0 anche la visita alla mostra \u201cGiubileo 2025. Le vie della Fede. Testimonianze d\u2019arte e di pensiero\u201d ospitata nelle Armerie Superiori (fino al 30 giugno 2024). Intero:\u00a016 euroRidotto:\u00a02 euro per i\u00a0cittadini dell\u2019Unione Europea tra 18 e 25 anniGratuit\u00e0 di legge:\u00a0per l\u2019elenco completo delle agevolazioni si invita a\u00a0visitare la pagina del MiC (https:\/\/cultura.gov.it\/agevolazioni)\u00a0 PromotoriMinistero della Cultura \u2013 Direzione Musei statali della citt\u00e0 di Roma Ideazione e organizzazioneCentro Europeo Turismo e Cultura S.r.l. A cura diMariastella Margozzi Con la collaborazione diSt\u00e9phane VergerCardinale Angelo Comastri CatalogoGangemi Editore Info mostra066876600-066876448 (tutti i giorni ore 9.00-13.00)info@centroeuropeoturismo.it Scarica il comunicato stampa Scarica la locandina<\/p>\n","protected":false},"author":7,"featured_media":13721,"comment_status":"open","ping_status":"open","sticky":false,"template":"","format":"standard","meta":{"om_disable_all_campaigns":false,"footnotes":""},"categories":[68,69,110],"tags":[],"pp_force_visibility":null,"pp_subpost_visibility":null,"pp_inherited_force_visibility":null,"pp_inherited_subpost_visibility":null,"aioseo_notices":[],"_links":{"self":[{"href":"https:\/\/direzionemuseiroma.cultura.gov.it\/en\/wp-json\/wp\/v2\/posts\/18184"}],"collection":[{"href":"https:\/\/direzionemuseiroma.cultura.gov.it\/en\/wp-json\/wp\/v2\/posts"}],"about":[{"href":"https:\/\/direzionemuseiroma.cultura.gov.it\/en\/wp-json\/wp\/v2\/types\/post"}],"author":[{"embeddable":true,"href":"https:\/\/direzionemuseiroma.cultura.gov.it\/en\/wp-json\/wp\/v2\/users\/7"}],"replies":[{"embeddable":true,"href":"https:\/\/direzionemuseiroma.cultura.gov.it\/en\/wp-json\/wp\/v2\/comments?post=18184"}],"version-history":[{"count":1,"href":"https:\/\/direzionemuseiroma.cultura.gov.it\/en\/wp-json\/wp\/v2\/posts\/18184\/revisions"}],"predecessor-version":[{"id":18757,"href":"https:\/\/direzionemuseiroma.cultura.gov.it\/en\/wp-json\/wp\/v2\/posts\/18184\/revisions\/18757"}],"wp:featuredmedia":[{"embeddable":true,"href":"https:\/\/direzionemuseiroma.cultura.gov.it\/en\/wp-json\/wp\/v2\/media\/13721"}],"wp:attachment":[{"href":"https:\/\/direzionemuseiroma.cultura.gov.it\/en\/wp-json\/wp\/v2\/media?parent=18184"}],"wp:term":[{"taxonomy":"category","embeddable":true,"href":"https:\/\/direzionemuseiroma.cultura.gov.it\/en\/wp-json\/wp\/v2\/categories?post=18184"},{"taxonomy":"post_tag","embeddable":true,"href":"https:\/\/direzionemuseiroma.cultura.gov.it\/en\/wp-json\/wp\/v2\/tags?post=18184"}],"curies":[{"name":"wp","href":"https:\/\/api.w.org\/{rel}","templated":true}]}}