{"id":18177,"date":"2024-02-12T07:46:23","date_gmt":"2024-02-12T07:46:23","guid":{"rendered":"https:\/\/direzionemuseiroma.cultura.gov.it\/finissage-della-mostra-carolina-lombardi-ricamando-il-caos\/"},"modified":"2024-02-12T07:46:23","modified_gmt":"2024-02-12T07:46:23","slug":"finissage-della-mostra-carolina-lombardi-ricamando-il-caos","status":"publish","type":"post","link":"https:\/\/direzionemuseiroma.cultura.gov.it\/en\/finissage-della-mostra-carolina-lombardi-ricamando-il-caos\/","title":{"rendered":"Finissage della mostra Carolina Lombardi. RICAMANDO IL CAOS"},"content":{"rendered":"<p><strong>Venerd\u00ec 16 febbraio 2024 dalle ore 17.00 alle ore 19.00<\/strong>, in occasione del <strong>finissage<\/strong> della mostra <strong><em>Carolina Lombardi. Ricamando il caos<\/em><\/strong>, a cura di Maria Giuseppina Di Monte e Gabriele Simongini, negli spazi del <strong>Museo Hendrik Christian Andersen<\/strong>\u00a0in linea con l\u2019approccio transdisciplinare di Edgar Morin sulla necessit\u00e0 di una conoscenza che riunifichi la frammentazione dei saperi, si terr\u00e0 un <strong>dibattito sul tema delle reti e dell\u2019interconnessione<\/strong>, molto presente nel lavoro di Carolina Lombardi, mettendo in relazione la visione olistica dei fenomeni, la complessit\u00e0 del mondo in cui viviamo con le installazioni luminose dell\u2019artista.<\/p>\n<p><em>\u201cC\u2019\u00e8 complessit\u00e0 quando [\u2026] c\u2019\u00e8 un tessuto interdipendente, interattivo e inter-retroattivo tra le parti e il tutto e fra il tutto e le parti. Gli sviluppi caratteristici del nostro secolo e della nostra era planetaria ci mettono di fronte, sempre pi\u00f9 spesso e sempre pi\u00f9 ineluttabilmente, alle sfide della complessit\u00e0. [\u2026] La cultura, ormai, non solo \u00e8 frammentata in parti staccate, ma anche spezzata in due blocchi. La grande disgiunzione tra la cultura umanistica e quella scientifica provoca gravi conseguenze per l\u2019una e per l\u2019altra.\u201d<\/em> (Edgar Morin \u2013 \u201cLa testa ben fatta. Riforma dell\u2019insegnamento e riforma del pensiero\u201d).<\/p>\n<p>Sono stati <strong>invitati studiosi e ricercatori appartenenti ad ambiti disciplinari differenti<\/strong> che affronteranno da punti di vista complementari la tematica delle reti in quanto struttura dinamica del mondo, analizzando le sfide e le opportunit\u00e0 insite nelle molteplici istanze dettate dalla contemporaneit\u00e0.<\/p>\n<p>Saranno affrontati temi legati ai problemi ambientali del nostro tempo, alla necessit\u00e0 di rivalutare l\u2019interdipendenza tra uomo e natura, tra natura e cultura in senso ecologico e sistemico. <strong>Franco Vazza<\/strong>, astrofisico e docente all\u2019Universit\u00e0 di Bologna, ci illustrer\u00e0 il lavoro di ricerca condotto insieme al neurochirurgo dell\u2019universit\u00e0 di Verona, Alberto Feletti, mettendo in relazione la rete cosmica delle galassie con la rete di neuroni nella corteccia cerebrale, trovando caratteristiche sorprendentemente simili. <strong>Carolina Lombardi<\/strong> ci racconter\u00e0 della coltura del Physarum Polycephalum, organismo unicellulare dalla spiccata intelligenza che nel suo progredire verso il cibo attraverso il \u201cflusso di spola\u201d genera reticolati analoghi a quelli riscontrati nel web cosmico, descrivendo le varie fasi dell\u2019esperimento che ha portato poi alla realizzazione del video in timelapse presente in mostra. <strong>Valerio Eletti<\/strong>, fisico e presidente del \u201cComplexity Education Project\u201d, ci parler\u00e0 di sistemi complessi adattativi in relazione alle nuove tecnologie, <strong>Emanuele Bevilacqua<\/strong>, analista dei media, affronter\u00e0 il tema dal punto di vista della comunicazione attraverso i nuovi media, <strong>Antonella Sbrilli<\/strong>, docente di storia dell\u2019Arte Contemporanea all\u2019Universit\u00e0 La Sapienza di Roma, analizzer\u00e0 i temi trattati nella specificit\u00e0 del linguaggio artistico di Carolina Lombardi.<\/p>\n<p>Introduce: <strong>Maria Giuseppina Di Monte<\/strong>, direttrice del Museo Hendrik Christian Andersen.<\/p>\n<p><em>\u201cLa pi\u00f9 bella e favolosa conquista delle scienze \u00e8 stata quella che ci ha rivelato che siamo non solo figli del pianeta Terra, ma figli del cosmo, che portiamo in noi tutta la storia dell\u2019universo della vita dal\/i primo\/i essere\/i cellulare\/i.\u201d \u201cSi vorrebbe trovare assolutamente un senso alla vita, ma, se c\u2019\u00e8 un senso, non \u00e8 nel senso in cui noi intendiamo la parola \u201csenso\u201d. \u00c8 annidato in seno all\u2019insensato\u201d<\/em> (Edgar Morin).<\/p>\n<p>Il <strong>percorso<\/strong> dell\u2019esposizione <strong>dalla data di apertura della mostra il 22 novembre 2023<\/strong>, si \u00e8 snodato nelle sale dei due piani del Museo attraverso <strong>una ventina di opere di luce in Plexiglass retroilluminate a led <\/strong>nelle quali il filo luminoso che compone le immagini crea trame e merletti intessuti di luce, costituito da un testo scritto da cui filtra selettivamente la luce generando forme reticolari che ricordano strutture naturali, barriere coralline, reti neurali, reticoli sarcoplasmatici nonch\u00e9 la grande ragnatela cosmica. Oltre alle opere di luce, di cui alcune di grandi dimensioni, \u00e8 stata presentata al pubblico <strong>la video installazione \u201cPhysarum Polycephalum\u201d<\/strong> che riprende la crescita e l\u2019espansione di un particolare organismo unicellulare, il Physarum Polycephalum.<\/p>\n<p><strong>NOTE BIOGRAFICHE<\/strong><\/p>\n<p><strong>Valerio Eletti<\/strong>, dopo una laurea in Fisica, si \u00e8 occupato di arte, editoria multimediale, e-learning e &#8211; da una ventina d&#8217;anni &#8211; studia le reti e i sistemi complessi; ha coordinato la collana &#8220;Quaderni della Complessit\u00e0&#8221; (Guaraldi editore) e partecipa all&#8217;organizzazione del Festival della Complessit\u00e0 dalla prima edizione del 2010. Attualmente, segue gli sviluppi dell&#8217;Intelligenza\u00a0Artificiale nell&#8217;ambito delle scienze delle reti.<\/p>\n<p><strong>Antonella Sbrilli<\/strong> \u00e8 docente di Storia dell\u2019arte contemporanea alla Sapienza Universit\u00e0 di Roma, redattrice di riviste e siti culturali, curatrice di mostre e di progetti multimediali.\u00a0Le sue ricerche sono rivolte alle relazioni fra arte, scrittura, gioco e tempo, con la messa a punto di formati interattivi, raccolte di dati per la storia dell\u2019arte e la letteratura, immagini esplorabili, giochi per canali digitali, mappe di connessioni nella cultura.<\/p>\n<p><strong>Franco Vazza<\/strong> \u00e8 un astrofisico teorico che produce grandi simulazioni numeriche per comprendere come \u00e8 evoluto l&#8217;Universo. \u00c8 professore Associato presso l&#8217;Universit\u00e0 di Bologna ed in precedenza ha lavorato\u00a0presso l&#8217;Universit\u00e0 di Amburgo. Nel 2014 ha ricevuto dal Presidente della Repubblica, G. Napolitano, il premio dell&#8217;Accademia dei Lincei come miglior giovane astronomo Italiano. Nel 2017 ha vinto un finanziamento da 1.5 milioni di euro da parte dello European Research Council per creare un gruppo di ricerca focalizzato a comprendere l&#8217;origine del magnetismo cosmico.<\/p>\n<p><strong>Emanuele Bevilacqua<\/strong> Direttore editoriale di Fortune Italia e di altre testate periodiche. Dal 2005 insegna Media Management &amp; Economics presso l\u2019Universit\u00e0 della Svizzera Italiana, dal 2019 anche a Roma, presso la Luiss School of Journalism. \u00c8 stato A.D. di\u00a0<em>Internazionale<\/em>\u00a0spa, Presidente del Teatro di Roma- Teatro Nazionale (2017-21). Il suo ultimo libro,\u00a0<em>Attenzione e potere,<\/em>\u00a0\u00e8 uscito nel 2024 presso la Luiss University Press.<\/p>\n<p><strong>Carolina Lombardi,<\/strong> artista e poetessa. Nel suo lavoro sperimenta diversi media, dal tessile al video, dalla luce all\u2019installazione site specific. Indaga in senso transdisciplinare le correlazioni tra parola e immagine, ordine e caos. Per diversi anni si \u00e8 dedicata a iniziative di carattere sociale e di sensibilizzazione ambientale. La sua attivit\u00e0 si estende in ambito letterario. Ha pubblicato sillogi poetiche tra cui: \u201cElegia del vuoto\u201d (2018), \u201cDanza di luci e ombre\u201d (2021) e Quaderno di poesie (2023).<\/p>\n<p>Carolina Lombardi | Sito web: <a href=\"https:\/\/www.carolina-lombardi.it\">https:\/\/www.carolina-lombardi.it<\/a> | <a href=\"mailto:carolina.lombardi@libero.it\">carolina.lombardi@libero.it<\/a><\/p>\n<p><strong>In <\/strong><strong>collaborazione con<\/strong> la Galleria\u00a0Emmeotto Arte di Roma e con il Festival della Complessit\u00e0<\/p>\n<p><strong><a href=\"https:\/\/direzionemuseiroma.cultura.gov.it\/wp-content\/uploads\/2024\/02\/cs_finissage-mostra-Carolina-Lombardi-RICAMANDO-IL-CAOS.pdf\" target=\"_blank\" rel=\"noopener\">Comunicato stampa<\/a><\/strong><\/p>\n<style>\/*! elementor - v3.15.0 - 09-08-2023 *\/<br \/>\n.elementor-widget-image{text-align:center}.elementor-widget-image a{display:inline-block}.elementor-widget-image a img[src$=\".svg\"]{width:48px}.elementor-widget-image img{vertical-align:middle;display:inline-block}<\/style>\n<p>\t\t\t\t\t\t\t\t\t\t\t\t<img decoding=\"async\" width=\"768\" height=\"432\" src=\"https:\/\/direzionemuseiroma.cultura.gov.it\/wp-content\/uploads\/2024\/02\/locandina-finissage-mostra-Carolina-Lombardi-RICAMANDO-IL-CAOS-768x432.jpg\" alt=\"\" loading=\"lazy\" srcset=\"https:\/\/direzionemuseiroma.cultura.gov.it\/wp-content\/uploads\/2024\/02\/locandina-finissage-mostra-Carolina-Lombardi-RICAMANDO-IL-CAOS-768x432.jpg 768w, https:\/\/direzionemuseiroma.cultura.gov.it\/wp-content\/uploads\/2024\/02\/locandina-finissage-mostra-Carolina-Lombardi-RICAMANDO-IL-CAOS-300x169.jpg 300w, https:\/\/direzionemuseiroma.cultura.gov.it\/wp-content\/uploads\/2024\/02\/locandina-finissage-mostra-Carolina-Lombardi-RICAMANDO-IL-CAOS-1024x576.jpg 1024w, https:\/\/direzionemuseiroma.cultura.gov.it\/wp-content\/uploads\/2024\/02\/locandina-finissage-mostra-Carolina-Lombardi-RICAMANDO-IL-CAOS.jpg 1333w\" sizes=\"(max-width: 768px) 100vw, 768px\" \/><\/p>\n","protected":false},"excerpt":{"rendered":"<p>Venerd\u00ec 16 febbraio 2024 dalle ore 17.00 alle ore 19.00, in occasione del finissage della mostra Carolina Lombardi. Ricamando il caos, a cura di Maria Giuseppina Di Monte e Gabriele Simongini, negli spazi del Museo Hendrik Christian Andersen\u00a0in linea con l\u2019approccio transdisciplinare di Edgar Morin sulla necessit\u00e0 di una conoscenza che riunifichi la frammentazione dei saperi, si terr\u00e0 un dibattito sul tema delle reti e dell\u2019interconnessione, molto presente nel lavoro di Carolina Lombardi, mettendo in relazione la visione olistica dei fenomeni, la complessit\u00e0 del mondo in cui viviamo con le installazioni luminose dell\u2019artista. \u201cC\u2019\u00e8 complessit\u00e0 quando [\u2026] c\u2019\u00e8 un tessuto interdipendente, interattivo e inter-retroattivo tra le parti e il tutto e fra il tutto e le parti. Gli sviluppi caratteristici del nostro secolo e della nostra era planetaria ci mettono di fronte, sempre pi\u00f9 spesso e sempre pi\u00f9 ineluttabilmente, alle sfide della complessit\u00e0. [\u2026] La cultura, ormai, non solo \u00e8 frammentata in parti staccate, ma anche spezzata in due blocchi. La grande disgiunzione tra la cultura umanistica e quella scientifica provoca gravi conseguenze per l\u2019una e per l\u2019altra.\u201d (Edgar Morin \u2013 \u201cLa testa ben fatta. Riforma dell\u2019insegnamento e riforma del pensiero\u201d). Sono stati invitati studiosi e ricercatori appartenenti ad ambiti disciplinari differenti che affronteranno da punti di vista complementari la tematica delle reti in quanto struttura dinamica del mondo, analizzando le sfide e le opportunit\u00e0 insite nelle molteplici istanze dettate dalla contemporaneit\u00e0. Saranno affrontati temi legati ai problemi ambientali del nostro tempo, alla necessit\u00e0 di rivalutare l\u2019interdipendenza tra uomo e natura, tra natura e cultura in senso ecologico e sistemico. Franco Vazza, astrofisico e docente all\u2019Universit\u00e0 di Bologna, ci illustrer\u00e0 il lavoro di ricerca condotto insieme al neurochirurgo dell\u2019universit\u00e0 di Verona, Alberto Feletti, mettendo in relazione la rete cosmica delle galassie con la rete di neuroni nella corteccia cerebrale, trovando caratteristiche sorprendentemente simili. Carolina Lombardi ci racconter\u00e0 della coltura del Physarum Polycephalum, organismo unicellulare dalla spiccata intelligenza che nel suo progredire verso il cibo attraverso il \u201cflusso di spola\u201d genera reticolati analoghi a quelli riscontrati nel web cosmico, descrivendo le varie fasi dell\u2019esperimento che ha portato poi alla realizzazione del video in timelapse presente in mostra. Valerio Eletti, fisico e presidente del \u201cComplexity Education Project\u201d, ci parler\u00e0 di sistemi complessi adattativi in relazione alle nuove tecnologie, Emanuele Bevilacqua, analista dei media, affronter\u00e0 il tema dal punto di vista della comunicazione attraverso i nuovi media, Antonella Sbrilli, docente di storia dell\u2019Arte Contemporanea all\u2019Universit\u00e0 La Sapienza di Roma, analizzer\u00e0 i temi trattati nella specificit\u00e0 del linguaggio artistico di Carolina Lombardi. Introduce: Maria Giuseppina Di Monte, direttrice del Museo Hendrik Christian Andersen. \u201cLa pi\u00f9 bella e favolosa conquista delle scienze \u00e8 stata quella che ci ha rivelato che siamo non solo figli del pianeta Terra, ma figli del cosmo, che portiamo in noi tutta la storia dell\u2019universo della vita dal\/i primo\/i essere\/i cellulare\/i.\u201d \u201cSi vorrebbe trovare assolutamente un senso alla vita, ma, se c\u2019\u00e8 un senso, non \u00e8 nel senso in cui noi intendiamo la parola \u201csenso\u201d. \u00c8 annidato in seno all\u2019insensato\u201d (Edgar Morin). Il percorso dell\u2019esposizione dalla data di apertura della mostra il 22 novembre 2023, si \u00e8 snodato nelle sale dei due piani del Museo attraverso una ventina di opere di luce in Plexiglass retroilluminate a led nelle quali il filo luminoso che compone le immagini crea trame e merletti intessuti di luce, costituito da un testo scritto da cui filtra selettivamente la luce generando forme reticolari che ricordano strutture naturali, barriere coralline, reti neurali, reticoli sarcoplasmatici nonch\u00e9 la grande ragnatela cosmica. Oltre alle opere di luce, di cui alcune di grandi dimensioni, \u00e8 stata presentata al pubblico la video installazione \u201cPhysarum Polycephalum\u201d che riprende la crescita e l\u2019espansione di un particolare organismo unicellulare, il Physarum Polycephalum. NOTE BIOGRAFICHE Valerio Eletti, dopo una laurea in Fisica, si \u00e8 occupato di arte, editoria multimediale, e-learning e &#8211; da una ventina d&#8217;anni &#8211; studia le reti e i sistemi complessi; ha coordinato la collana &#8220;Quaderni della Complessit\u00e0&#8221; (Guaraldi editore) e partecipa all&#8217;organizzazione del Festival della Complessit\u00e0 dalla prima edizione del 2010. Attualmente, segue gli sviluppi dell&#8217;Intelligenza\u00a0Artificiale nell&#8217;ambito delle scienze delle reti. Antonella Sbrilli \u00e8 docente di Storia dell\u2019arte contemporanea alla Sapienza Universit\u00e0 di Roma, redattrice di riviste e siti culturali, curatrice di mostre e di progetti multimediali.\u00a0Le sue ricerche sono rivolte alle relazioni fra arte, scrittura, gioco e tempo, con la messa a punto di formati interattivi, raccolte di dati per la storia dell\u2019arte e la letteratura, immagini esplorabili, giochi per canali digitali, mappe di connessioni nella cultura. Franco Vazza \u00e8 un astrofisico teorico che produce grandi simulazioni numeriche per comprendere come \u00e8 evoluto l&#8217;Universo. \u00c8 professore Associato presso l&#8217;Universit\u00e0 di Bologna ed in precedenza ha lavorato\u00a0presso l&#8217;Universit\u00e0 di Amburgo. Nel 2014 ha ricevuto dal Presidente della Repubblica, G. Napolitano, il premio dell&#8217;Accademia dei Lincei come miglior giovane astronomo Italiano. Nel 2017 ha vinto un finanziamento da 1.5 milioni di euro da parte dello European Research Council per creare un gruppo di ricerca focalizzato a comprendere l&#8217;origine del magnetismo cosmico. Emanuele Bevilacqua Direttore editoriale di Fortune Italia e di altre testate periodiche. Dal 2005 insegna Media Management &amp; Economics presso l\u2019Universit\u00e0 della Svizzera Italiana, dal 2019 anche a Roma, presso la Luiss School of Journalism. \u00c8 stato A.D. di\u00a0Internazionale\u00a0spa, Presidente del Teatro di Roma- Teatro Nazionale (2017-21). Il suo ultimo libro,\u00a0Attenzione e potere,\u00a0\u00e8 uscito nel 2024 presso la Luiss University Press. Carolina Lombardi, artista e poetessa. Nel suo lavoro sperimenta diversi media, dal tessile al video, dalla luce all\u2019installazione site specific. Indaga in senso transdisciplinare le correlazioni tra parola e immagine, ordine e caos. Per diversi anni si \u00e8 dedicata a iniziative di carattere sociale e di sensibilizzazione ambientale. La sua attivit\u00e0 si estende in ambito letterario. Ha pubblicato sillogi poetiche tra cui: \u201cElegia del vuoto\u201d (2018), \u201cDanza di luci e ombre\u201d (2021) e Quaderno di poesie (2023). Carolina Lombardi | Sito web: https:\/\/www.carolina-lombardi.it | carolina.lombardi@libero.it In collaborazione con la Galleria\u00a0Emmeotto Arte di Roma e con il Festival della Complessit\u00e0 Comunicato stampa<\/p>\n","protected":false},"author":8,"featured_media":14264,"comment_status":"open","ping_status":"open","sticky":false,"template":"","format":"standard","meta":{"om_disable_all_campaigns":false,"footnotes":""},"categories":[69,74],"tags":[],"pp_force_visibility":null,"pp_subpost_visibility":null,"pp_inherited_force_visibility":null,"pp_inherited_subpost_visibility":null,"aioseo_notices":[],"_links":{"self":[{"href":"https:\/\/direzionemuseiroma.cultura.gov.it\/en\/wp-json\/wp\/v2\/posts\/18177"}],"collection":[{"href":"https:\/\/direzionemuseiroma.cultura.gov.it\/en\/wp-json\/wp\/v2\/posts"}],"about":[{"href":"https:\/\/direzionemuseiroma.cultura.gov.it\/en\/wp-json\/wp\/v2\/types\/post"}],"author":[{"embeddable":true,"href":"https:\/\/direzionemuseiroma.cultura.gov.it\/en\/wp-json\/wp\/v2\/users\/8"}],"replies":[{"embeddable":true,"href":"https:\/\/direzionemuseiroma.cultura.gov.it\/en\/wp-json\/wp\/v2\/comments?post=18177"}],"version-history":[{"count":0,"href":"https:\/\/direzionemuseiroma.cultura.gov.it\/en\/wp-json\/wp\/v2\/posts\/18177\/revisions"}],"wp:featuredmedia":[{"embeddable":true,"href":"https:\/\/direzionemuseiroma.cultura.gov.it\/en\/wp-json\/wp\/v2\/media\/14264"}],"wp:attachment":[{"href":"https:\/\/direzionemuseiroma.cultura.gov.it\/en\/wp-json\/wp\/v2\/media?parent=18177"}],"wp:term":[{"taxonomy":"category","embeddable":true,"href":"https:\/\/direzionemuseiroma.cultura.gov.it\/en\/wp-json\/wp\/v2\/categories?post=18177"},{"taxonomy":"post_tag","embeddable":true,"href":"https:\/\/direzionemuseiroma.cultura.gov.it\/en\/wp-json\/wp\/v2\/tags?post=18177"}],"curies":[{"name":"wp","href":"https:\/\/api.w.org\/{rel}","templated":true}]}}