{"id":18172,"date":"2024-02-16T09:54:35","date_gmt":"2024-02-16T09:54:35","guid":{"rendered":"https:\/\/direzionemuseiroma.cultura.gov.it\/mostra-fotografica-abitarte-le-case-museo-romane\/"},"modified":"2024-02-16T09:54:35","modified_gmt":"2024-02-16T09:54:35","slug":"mostra-fotografica-abitarte-le-case-museo-romane","status":"publish","type":"post","link":"https:\/\/direzionemuseiroma.cultura.gov.it\/en\/mostra-fotografica-abitarte-le-case-museo-romane\/","title":{"rendered":"Mostra fotografica AbitarTe. Le case museo romane"},"content":{"rendered":"<p>AbitarTe rappresenta uno sviluppo del progetto avviato con la precedente mostra Archiscultura che poneva uno sguardo d\u2019accento sulla Casa Museo di H.C. Andersen. La mostra che si inaugura il 24 febbraio, a cura del Collettivo fotografico il LABirinto, approfondisce in questa seconda parte una selezione di Case Museo romane proponendo <strong>circa 15 nuovi scatti fotografici.<\/strong><\/p>\n<p>Il <strong>Museo Hendrik Christian Andersen<\/strong>, la casa atelier dell\u2019artista norvegese naturalizzato americano, che visse a Roma dal 1898 fino alla morte nel 1940, \u00e8 un museo unico e speciale per il repertorio conservato, fatto di imponenti sculture e progetti urbanistici legati al grande sogno utopico di una citt\u00e0 ideale da edificare vicino alla capitale: una citt\u00e0 innovativa e sostenibile.<\/p>\n<p><strong>La Casa Museo<\/strong><strong> di Mario Praz<\/strong> \u00e8 un pezzo unico con la sua caleidoscopica collezione di dipinti, sculture, grafica, mobili e oggetti rari: sorta di mirabilia che rende questo luogo davvero insolito e speciale, raccontando, attraverso la collezione, la storia di un\u2019epoca e quella del suo padrone di casa.<\/p>\n<p><strong>La casa museo di Giorgio e Isa de Chirico<\/strong> \u00e8 l\u2019appartamento abitato dal Maestro negli ultimi 30 anni di vita. Nei grandi saloni si apprezzano la ricchezza di luce e i colori sgargianti delle sue opere neometafisiche e di paesaggi, di ritratti e favole epiche, cos\u00ec come le piccole e grandi sculture dalle brillanti patine d\u2019argento e d\u2019oro. Al piano superiore si trova l\u2019atelier del Maestro con tutti gli strumenti e gli accessori che egli stesso utilizzava. Ampie terrazze, dislocate su vari livelli, chiudono il seicentesco Palazzetto dei Borgognoni, al centro di Roma, cio\u00e8, secondo de Chirico, \u201cal centro del centro del mondo\u201d.<\/p>\n<p><strong>Museo Casa Scelsi<\/strong>, laboratorio e luogo di lavoro di Giacinto Scelsi che ci ha lasciato con la sua musica, le sue poesie, i suoi scritti, anche il \u201cluogo\u201d dove per lunghi anni ha vissuto e creato.<\/p>\n<p><strong>Keats-Shelley House <\/strong>che si trova accanto alla Scalinata di Piazza di Spagna \u00e8 stata l\u2019ultima dimora di John Keats, che vi mor\u00ec nel 1821 a soli venticinque anni.<\/p>\n<p>Gli scatti eseguiti dal<strong> collettivo di fotografi<\/strong> scaturiscono dalle suggestioni suscitate dalle case museo romane, spesso ispirate e talora riferibili alle foto d\u2019archivio conservate nelle stesse case museo, il che ha consentito, sulla base del progetto delineato, di ripercorrere quegli itinerari cittadini che gli artisti,\u00a0 cui sono intitolate le case museo menzionate, pi\u00f9 di un secolo fa avevano a loro volta\u00a0 percorso, facendo cos\u00ec rivivere nello sguardo presente quello passato, in un\u2019emozionante gioco di riflessi.<\/p>\n<p>La mostra si sviluppa, dal punto di vista storico artistico ed estetico, intorno al tema delle case museo attraverso il confronto fra i diversi luoghi della capitale, ricca di storia e di memoria.<\/p>\n<p>Le fotografie documentano e ampliano l\u2019orizzonte mettendo in evidenza consonanze e differenze. L\u2019obiettivo \u00e8 quello di far conoscere aspetti meno evidenti e meno usuali e di farlo attraverso le rivisitazioni e lo sguardo contemporaneo, in una sintesi di architettura e natura.<\/p>\n<p>Rivelatore di un mondo, di un\u2019atmosfera, di una sensazione: alla maniera della <em>madeleine<\/em> di Proust lo scatto \u00e8 generatore di emozioni e impressioni oltre che di ricordi: rivisitazione di un\u2019epoca e di un contesto che lega passato e presente e permette di scoprire analogie inedite, ispirate o stimolate dalle foto storiche.<\/p>\n<p>Le foto saranno accompagnate da testi esplicativi e da una selezione di riproduzioni di foto storiche tratte dagli archivi di alcune delle case museo.<\/p>\n<p>La mostra inaugura sabato 24 febbraio alle ore 15.00 con ingresso libero fino a esaurimento posti.<\/p>\n<p><a href=\"https:\/\/direzionemuseiroma.cultura.gov.it\/wp-content\/uploads\/2024\/02\/cs_mostra-ABITARTE-LE-CASE-MUSEO-ROMANE.pdf\" target=\"_blank\" rel=\"noopener\"><strong>Comunicato stampa<\/strong><\/a><\/p>\n<style>\/*! elementor - v3.15.0 - 09-08-2023 *\/<br \/>\n.elementor-widget-image{text-align:center}.elementor-widget-image a{display:inline-block}.elementor-widget-image a img[src$=\".svg\"]{width:48px}.elementor-widget-image img{vertical-align:middle;display:inline-block}<\/style>\n<p>\t\t\t\t\t\t\t\t\t\t\t\t<img decoding=\"async\" width=\"768\" height=\"1086\" src=\"https:\/\/direzionemuseiroma.cultura.gov.it\/wp-content\/uploads\/2024\/02\/locandina_mostra-ABITARTE-LE-CASE-MUSEO-ROMANE-768x1086.jpg\" alt=\"\" loading=\"lazy\" srcset=\"https:\/\/direzionemuseiroma.cultura.gov.it\/wp-content\/uploads\/2024\/02\/locandina_mostra-ABITARTE-LE-CASE-MUSEO-ROMANE-768x1086.jpg 768w, https:\/\/direzionemuseiroma.cultura.gov.it\/wp-content\/uploads\/2024\/02\/locandina_mostra-ABITARTE-LE-CASE-MUSEO-ROMANE-212x300.jpg 212w, https:\/\/direzionemuseiroma.cultura.gov.it\/wp-content\/uploads\/2024\/02\/locandina_mostra-ABITARTE-LE-CASE-MUSEO-ROMANE-724x1024.jpg 724w, https:\/\/direzionemuseiroma.cultura.gov.it\/wp-content\/uploads\/2024\/02\/locandina_mostra-ABITARTE-LE-CASE-MUSEO-ROMANE-1086x1536.jpg 1086w, https:\/\/direzionemuseiroma.cultura.gov.it\/wp-content\/uploads\/2024\/02\/locandina_mostra-ABITARTE-LE-CASE-MUSEO-ROMANE-1448x2048.jpg 1448w, https:\/\/direzionemuseiroma.cultura.gov.it\/wp-content\/uploads\/2024\/02\/locandina_mostra-ABITARTE-LE-CASE-MUSEO-ROMANE-scaled.jpg 1810w\" sizes=\"(max-width: 768px) 100vw, 768px\" \/><\/p>\n","protected":false},"excerpt":{"rendered":"<p>AbitarTe rappresenta uno sviluppo del progetto avviato con la precedente mostra Archiscultura che poneva uno sguardo d\u2019accento sulla Casa Museo di H.C. Andersen. La mostra che si inaugura il 24 febbraio, a cura del Collettivo fotografico il LABirinto, approfondisce in questa seconda parte una selezione di Case Museo romane proponendo circa 15 nuovi scatti fotografici. Il Museo Hendrik Christian Andersen, la casa atelier dell\u2019artista norvegese naturalizzato americano, che visse a Roma dal 1898 fino alla morte nel 1940, \u00e8 un museo unico e speciale per il repertorio conservato, fatto di imponenti sculture e progetti urbanistici legati al grande sogno utopico di una citt\u00e0 ideale da edificare vicino alla capitale: una citt\u00e0 innovativa e sostenibile. La Casa Museo di Mario Praz \u00e8 un pezzo unico con la sua caleidoscopica collezione di dipinti, sculture, grafica, mobili e oggetti rari: sorta di mirabilia che rende questo luogo davvero insolito e speciale, raccontando, attraverso la collezione, la storia di un\u2019epoca e quella del suo padrone di casa. La casa museo di Giorgio e Isa de Chirico \u00e8 l\u2019appartamento abitato dal Maestro negli ultimi 30 anni di vita. Nei grandi saloni si apprezzano la ricchezza di luce e i colori sgargianti delle sue opere neometafisiche e di paesaggi, di ritratti e favole epiche, cos\u00ec come le piccole e grandi sculture dalle brillanti patine d\u2019argento e d\u2019oro. Al piano superiore si trova l\u2019atelier del Maestro con tutti gli strumenti e gli accessori che egli stesso utilizzava. Ampie terrazze, dislocate su vari livelli, chiudono il seicentesco Palazzetto dei Borgognoni, al centro di Roma, cio\u00e8, secondo de Chirico, \u201cal centro del centro del mondo\u201d. Museo Casa Scelsi, laboratorio e luogo di lavoro di Giacinto Scelsi che ci ha lasciato con la sua musica, le sue poesie, i suoi scritti, anche il \u201cluogo\u201d dove per lunghi anni ha vissuto e creato. Keats-Shelley House che si trova accanto alla Scalinata di Piazza di Spagna \u00e8 stata l\u2019ultima dimora di John Keats, che vi mor\u00ec nel 1821 a soli venticinque anni. Gli scatti eseguiti dal collettivo di fotografi scaturiscono dalle suggestioni suscitate dalle case museo romane, spesso ispirate e talora riferibili alle foto d\u2019archivio conservate nelle stesse case museo, il che ha consentito, sulla base del progetto delineato, di ripercorrere quegli itinerari cittadini che gli artisti,\u00a0 cui sono intitolate le case museo menzionate, pi\u00f9 di un secolo fa avevano a loro volta\u00a0 percorso, facendo cos\u00ec rivivere nello sguardo presente quello passato, in un\u2019emozionante gioco di riflessi. La mostra si sviluppa, dal punto di vista storico artistico ed estetico, intorno al tema delle case museo attraverso il confronto fra i diversi luoghi della capitale, ricca di storia e di memoria. Le fotografie documentano e ampliano l\u2019orizzonte mettendo in evidenza consonanze e differenze. L\u2019obiettivo \u00e8 quello di far conoscere aspetti meno evidenti e meno usuali e di farlo attraverso le rivisitazioni e lo sguardo contemporaneo, in una sintesi di architettura e natura. Rivelatore di un mondo, di un\u2019atmosfera, di una sensazione: alla maniera della madeleine di Proust lo scatto \u00e8 generatore di emozioni e impressioni oltre che di ricordi: rivisitazione di un\u2019epoca e di un contesto che lega passato e presente e permette di scoprire analogie inedite, ispirate o stimolate dalle foto storiche. Le foto saranno accompagnate da testi esplicativi e da una selezione di riproduzioni di foto storiche tratte dagli archivi di alcune delle case museo. La mostra inaugura sabato 24 febbraio alle ore 15.00 con ingresso libero fino a esaurimento posti. Comunicato stampa<\/p>\n","protected":false},"author":8,"featured_media":14377,"comment_status":"open","ping_status":"open","sticky":false,"template":"","format":"standard","meta":{"om_disable_all_campaigns":false,"footnotes":""},"categories":[69,74],"tags":[],"pp_force_visibility":null,"pp_subpost_visibility":null,"pp_inherited_force_visibility":null,"pp_inherited_subpost_visibility":null,"aioseo_notices":[],"_links":{"self":[{"href":"https:\/\/direzionemuseiroma.cultura.gov.it\/en\/wp-json\/wp\/v2\/posts\/18172"}],"collection":[{"href":"https:\/\/direzionemuseiroma.cultura.gov.it\/en\/wp-json\/wp\/v2\/posts"}],"about":[{"href":"https:\/\/direzionemuseiroma.cultura.gov.it\/en\/wp-json\/wp\/v2\/types\/post"}],"author":[{"embeddable":true,"href":"https:\/\/direzionemuseiroma.cultura.gov.it\/en\/wp-json\/wp\/v2\/users\/8"}],"replies":[{"embeddable":true,"href":"https:\/\/direzionemuseiroma.cultura.gov.it\/en\/wp-json\/wp\/v2\/comments?post=18172"}],"version-history":[{"count":0,"href":"https:\/\/direzionemuseiroma.cultura.gov.it\/en\/wp-json\/wp\/v2\/posts\/18172\/revisions"}],"wp:featuredmedia":[{"embeddable":true,"href":"https:\/\/direzionemuseiroma.cultura.gov.it\/en\/wp-json\/wp\/v2\/media\/14377"}],"wp:attachment":[{"href":"https:\/\/direzionemuseiroma.cultura.gov.it\/en\/wp-json\/wp\/v2\/media?parent=18172"}],"wp:term":[{"taxonomy":"category","embeddable":true,"href":"https:\/\/direzionemuseiroma.cultura.gov.it\/en\/wp-json\/wp\/v2\/categories?post=18172"},{"taxonomy":"post_tag","embeddable":true,"href":"https:\/\/direzionemuseiroma.cultura.gov.it\/en\/wp-json\/wp\/v2\/tags?post=18172"}],"curies":[{"name":"wp","href":"https:\/\/api.w.org\/{rel}","templated":true}]}}