{"id":18101,"date":"2024-06-25T13:28:25","date_gmt":"2024-06-25T13:28:25","guid":{"rendered":"https:\/\/direzionemuseiroma.cultura.gov.it\/sotto-langelo-di-castello-danza-musica-spettacolo-iv-edizione\/"},"modified":"2024-09-30T11:56:05","modified_gmt":"2024-09-30T11:56:05","slug":"sotto-langelo-di-castello-danza-musica-spettacolo-iv-edizione","status":"publish","type":"post","link":"https:\/\/direzionemuseiroma.cultura.gov.it\/en\/sotto-langelo-di-castello-danza-musica-spettacolo-iv-edizione\/","title":{"rendered":"\u201csotto l\u2019Angelo di Castello: danza, musica, spettacolo\u201d &#8211; IV edizione"},"content":{"rendered":"<style>\/*! elementor - v3.15.0 - 09-08-2023 *\/<br \/>\n.elementor-widget-image{text-align:center}.elementor-widget-image a{display:inline-block}.elementor-widget-image a img[src$=\".svg\"]{width:48px}.elementor-widget-image img{vertical-align:middle;display:inline-block}<\/style>\n<p>\t\t\t\t\t\t\t\t\t\t\t\t<img decoding=\"async\" width=\"800\" height=\"375\" src=\"https:\/\/direzionemuseiroma.cultura.gov.it\/wp-content\/uploads\/2024\/06\/img_ledwall-1536x720.jpg\" alt=\"\" loading=\"lazy\" srcset=\"https:\/\/direzionemuseiroma.cultura.gov.it\/wp-content\/uploads\/2024\/06\/img_ledwall-1536x720.jpg 1536w, https:\/\/direzionemuseiroma.cultura.gov.it\/wp-content\/uploads\/2024\/06\/img_ledwall-300x141.jpg 300w, https:\/\/direzionemuseiroma.cultura.gov.it\/wp-content\/uploads\/2024\/06\/img_ledwall-1024x480.jpg 1024w, https:\/\/direzionemuseiroma.cultura.gov.it\/wp-content\/uploads\/2024\/06\/img_ledwall-768x360.jpg 768w, https:\/\/direzionemuseiroma.cultura.gov.it\/wp-content\/uploads\/2024\/06\/img_ledwall-2048x960.jpg 2048w\" sizes=\"(max-width: 800px) 100vw, 800px\" \/><\/p>\n<p>Il confronto fra l\u2019arte dell\u2019attore, quella del danzatore e del musicista, che riesce a innescare un dialogo con gli spazi del museo e i suoi pubblici, \u00e8 la proposta che <strong>Castel Sant\u2019Angelo,<\/strong> guidato dal Direttore generale Musei <strong>Massimo Osanna<\/strong>, promuove con la IV edizione della rassegna <strong>\u201csotto l\u2019Angelo di Castello: danza, musica, spettacolo\u201d<\/strong>, a cura di <strong>Anna Selvi<\/strong>, che si terr\u00e0 dal <strong>3 luglio al 26 settembre 2024<\/strong>, nell\u2019ambito del programma di valorizzazione del monumento.<\/p>\n<p>Anche quest\u2019anno, al pubblico sar\u00e0 offerta la possibilit\u00e0 di usufruire di esperienze di intrattenimento, ma anche in grado di sollecitare riflessioni, attraversando territori inusuali, fantasiosi, sociali, multimediali all\u2019interno dei suggestivi spazi del sito museale.<\/p>\n<p><em>\u201cAncora una volta \u2013 commenta il Direttore generale Musei Massimo Osanna \u2013 Castel Sant\u2019Angelo si presenta come punto di riferimento nella programmazione estiva che Roma offre a cittadini e visitatori, con proposte di alto livello culturale, anche nell\u2019ottica di rendere i nostri musei, sempre di pi\u00f9, luoghi di sperimentazione, arricchimento e dialogo, per tutti i tipi di pubblico.\u201d\u00a0<\/em><\/p>\n<p><strong>La rassegna si apre il 3 luglio ore 21<\/strong> (con repliche il 4 luglio alle ore 18.30 e alle 21) con il ritorno a Roma dopo quasi 10 anni della <strong>Compagnia della Fortezza \u2013 Carte Blanche di Armando Punzo<\/strong>. Tra i numerosi riconoscimenti anche sette Premi UBU e il Leone d\u2019Oro alla carriera della Biennale di Venezia, sezione Teatro 2023, che il regista ha ricevuto per la sua attivit\u00e0 trentennale all\u2019interno del carcere di Volterra. Il fondatore e direttore della prima compagnia stabile all\u2019interno di un istituto di pena presenter\u00e0 <strong>NATURAE<\/strong>: un progetto site-specific con le musiche originali di Andreino Salvadori, approdo di un ciclo di lavoro durato 8 anni, risultato vincitore anche del bando per la valorizzazione delle attivit\u00e0 spettacolo dal vivo svolte negli istituti e luoghi della cultura della Direzione generale Spettacolo.<br \/>\nIl <strong>10 luglio<\/strong>, in occasione dell\u2019anniversario della morte dell\u2019Imperatore Adriano nel 138 d.C., <strong>Roberto Latini<\/strong>, sar\u00e0 la voce di Adriano e di altri poeti, in <strong>SMARRITA E SOAVE.<\/strong> Adriano, poeta, tra poeti, accompagnato dalle musiche di Gianluca Misiti, eseguite dal vivo da Luisiana Lorusso violino e Claudia Della Gatta violoncello.<br \/>\nSi prosegue il <strong>18 luglio<\/strong> con <strong>Alessandro Quarta<\/strong>, violinista, polistrumentista e compositore italiano famoso in tutto il mondo. <strong>NO LIMITS QUINTET<\/strong> \u00e8 il nuovo progetto che il musicista presenter\u00e0 insieme a Giuseppe Magagnino pianoforte, Franco Chiriv\u00ec chitarra, Michele Colaci contrabbasso e Cristian Martina batteria. Di rilievo sono i violini che Alessandro Quarta suoner\u00e0: un Alessandro Gagliano del 1723, \u201cex principe della famiglia Clelia Biondi\u201d, e un Giovanni Battista Guadagnini, gioiello del 1761.<br \/>\nIl <strong>24 luglio<\/strong>, alle 19 e alle 21, arriva il primo appuntamento per le famiglie: <strong>HAMELIN<\/strong>, un lavoro teatrale di <strong>Tonio De Nitto<\/strong>, con Fabio Tinella, ispirato al Pifferaio magico dei Fratelli Grimm. Vincitore del premio Eolo Award 2023 come miglior spettacolo dedicato a bambini e ragazzi, lo spettacolo \u00e8 particolarmente consigliato per i bambini dai 5 anni in su.<br \/>\nIl <strong>7 agosto<\/strong> la coreografa <strong>Silvia Gribaudi<\/strong> presenter\u00e0 A <strong>CORPO LIBERO<\/strong> alle ore 19, e <strong>GRACES<\/strong> alle 21. Quest\u2019ultima opera di danza si rif\u00e0 al celebre gruppo scultoreo delle Grazie che Antonio Canova realizz\u00f2 tra il 1812 e il 1817. L\u2019ispirazione mitologica \u00e8 indagata dalla coreografa attraverso una ricerca sull\u2019impatto sociale del corpo che predilige spesso la comicit\u00e0 e la relazione tra spettatore e performer. In scena insieme a Silvia Gribaudi anche Siro Guglielmi, Matteo Marchesi e Andrea Rampazzo, sotto lo sguardo registico e visivo di Matteo Maffesanti.<br \/>\n\u00c8 previsto, poi, sulla terrazza di Castel Sant\u2019Angelo, un viaggio sotto le stelle attraverso il concerto <strong>THE HEALING SAX<\/strong>, il lavoro intimo e spirituale che <strong>Dimitri Grechi Espinoza<\/strong> presenter\u00e0 il <strong>13 agosto<\/strong> alle ore 19.30 e alle ore 21. Il musicista russo, frequentatore del Jazz Mobile di New York, e fondatore del gruppo di ricerca musicale Dinamitri Jazz Folklore, ci guider\u00e0 con il suo sax e la sua musica contaminata dalle culture dell\u2019est Europa ma anche dalla tradizione jazzistica italiana e americana.<br \/>\nIl <strong>20 agosto<\/strong> sar\u00e0 la volta di <strong>Cettina Donato<\/strong> con <strong>ONE PIANO SHOW<\/strong>. La musicista, pi\u00f9 volte inserita dai Jazzit Awards nella classifica dei migliori arrangiatori italiani, \u00e8 laureata al prestigioso Berklee Music College di Boston, dove \u00e8 stata nominata \u201cBest Jazz Revelation Composer and Performer\u201d ed ha ricevuto anche l\u2019ambito Carla Bley Award.<br \/>\nDa non perdere <strong>Mimmo Cuticchio<\/strong>, il <strong>27 agosto<\/strong> con <strong>L\u2019ILIADE O SIA IL RISCATTO DI PRIAMO<\/strong>: un esempio dell\u2019Opera dei Pupi, dal 2001 riconosciuta dall\u2019Unesco come patrimonio immateriale dell\u2019umanit\u00e0, qui con le musiche appositamente scritte da Giacomo Cuticchio. La Compagnia dei Figli d\u2019Arte presenta i capolavori della famiglia Cuticchio, con la serie di tutti i personaggi creati da Mimmo che ne ha sbalzato le armature, Nino Cuticchio che ne ha scolpito le teste in legno e Guido Cuticchio che ha realizzato le ossature. I costumi sono stati realizzati dalla grande mamma Pina Patti Cuticchio e le scene dal Maestro pittore Marco Incardona.<br \/>\nSi torna al Jazz il <strong>5 settembre<\/strong> con <strong>Antonio Lizana<\/strong> voce e sassofono, in quintetto con David Sancho pianoforte e tastiere, Arin Keshishi basso elettrico, Shayan Fathi batteria, El Mawi de C\u00e1diz danza e cori con l\u2019ultimo album <strong>VISHUDDHA<\/strong>. Cos\u00ec si chiama il quinto chakra nella tradizione ind\u00f9, che possiamo tradurre con \u201cPurezza\u201d, al quale viene attribuito il potere di esprimere la nostra verit\u00e0 pi\u00f9 profonda, portando bellezza in questo mondo. L\u2019artista \u00e8 cantante di flamenco e talentuoso sassofonista jazz, con un cuore andaluso e un\u2019anima improvvisatrice.<br \/>\nIl <strong>13 settembre<\/strong> alle ore 18.30, 19.30 e alle ore 21, nella sala della Biblioteca presentato <strong>IL COMBATTIMENTO DI TANCREDI E CLORINDA<\/strong> con la regia di <strong>Fabio Cherstich<\/strong> \/ coreografia Philippe Kratz, presentato dal Centro Coreografico Nazionale \/ Aterballetto. Il progetto, vincitore del bando per la valorizzazione della Direzione generale Spettacolo, sar\u00e0 realizzato in 7 siti museali dal nord al sud dell\u2019Italia, con una premi\u00e8re il 12 settembre al Museo archeologico nazionale e Teatro romano di Spoleto. La scelta musicale rappresenta uno dei brani pi\u00f9 straordinari di Claudio Monteverdi in occasione dei 400 anni dalla sua prima rappresentazione.<br \/>\nIl <strong>19 settembre<\/strong> l\u2019appuntamento sar\u00e0 con <strong>Ornithology Productions<\/strong> con il neo progetto <strong>NOTES ON THE MELODY OF THINGS<\/strong> in una declinazione pensata proprio per il Cortile di Alessandro VI da Lorenzo Bianchi Hoesch elettronica e composizione, Fabrizio Cassol sax alto e composizione, Ad\u00e8le Viret violoncello e composizione. Due strumenti solisti, il sax alto e il violoncello, incontrano un\u2019elettronica in tempo reale i cui elementi fondamentali sono l\u2019elaborazione sonora, la spazializzazione del suono e l\u2019immersione. Improvvisazione e composizione sono il terreno comune di un incontro che oscilla tra la spontaneit\u00e0 del suonare nell\u2019attimo e la ricerca di uno stile di scrittura condiviso e corale.<br \/>\n<strong>La chiusura della rassegna<\/strong> \u00e8 affidata al<strong> Gruppo Nanou<\/strong> che il 24, 25 e 26 settembre dalle ore 19 alle ore 22 offriranno al pubblico di Castel Sant\u2019Angelo la performance itinerante <strong>PARADISO<\/strong>, con le coreografie di <strong>Marco Valerio Amico<\/strong> e Rhuena Bracci. Il gruppo, diventato luogo dove corpo, suono e immagine trovano un linguaggio comune nella coreografia, collabora con l\u2019artista visivo <strong>Alfredo Pirri<\/strong>, che cura la scena del progetto e il musicista italiano Bruno Dorella fondatore di diversi gruppi musicali.<\/p>\n<p>Tutti gli spettacoli si svolgeranno alle ore 21 nel Cortile Alessandro VI, ad eccezione di A Corpo libero e The Haeling Sax che si terranno sulla terrazza di San Michele, Hamelin al Bastione San Matteo, Il Combattimento di Tancredi e Clorinda nella Sala della Biblioteca. Paradiso performance itinerante nelle Sale museali.<\/p>\n<p>L&#8217;ingresso agli spettacoli \u00e8 consentito fino ad esaurimento dei posti disponibili ed \u00e8 incluso nel costo del biglietto del Museo richiedendo, al momento dell\u2019acquisto, la formula &#8220;museo + spettacolo&#8221;.<br \/>\n\u00c8 possibile acquistare i biglietti sia online al sito <a href=\"https:\/\/www.gebart.it\/musei\/museo-nazionale-di-castel-santangelo\/\" target=\"_blank\" rel=\"noopener\">https:\/\/www.gebart.it\/musei\/museo-nazionale-di-castel-santangelo\/<\/a>, che tramite call center Ticketone allo 06\/32810 o direttamente al botteghino del Museo<br \/>\nIntero \u20ac 16<br \/>\nRidotto \u20ac 2 per i cittadini europei tra i 18 ed i 25 anni<br \/>\nGratuit\u00e0 di legge<\/p>\n<p><strong><a href=\"https:\/\/direzionemuseiroma.cultura.gov.it\/wp-content\/uploads\/2024\/06\/CS-SOTTO-L_ANGELO-DEL-CASTELLO-2024.pdf\" target=\"_blank\" rel=\"noopener\">Comunicato stampa<\/a><\/strong><br \/>\n<strong><a href=\"https:\/\/direzionemuseiroma.cultura.gov.it\/wp-content\/uploads\/2024\/07\/Pieghevole-Sotto-langelo_2024_PER-MEDIA.pdf\" target=\"_blank\" rel=\"noopener\">Pieghevole<\/a><br \/>\n<a href=\"https:\/\/direzionemuseiroma.cultura.gov.it\/wp-content\/uploads\/2024\/07\/LOCANDINA_Sotto-lAngelo_2024.pdf\" target=\"_blank\" rel=\"noopener\">Locandina<\/a><\/strong><\/p>\n<p><img decoding=\"async\" width=\"800\" height=\"566\" src=\"https:\/\/direzionemuseiroma.cultura.gov.it\/wp-content\/uploads\/2024\/07\/Pieghevole-Sotto-langelo_2024_PER-MEDIA-1-1536x1086.jpg\" alt=\"\" loading=\"lazy\" srcset=\"https:\/\/direzionemuseiroma.cultura.gov.it\/wp-content\/uploads\/2024\/07\/Pieghevole-Sotto-langelo_2024_PER-MEDIA-1-1536x1086.jpg 1536w, https:\/\/direzionemuseiroma.cultura.gov.it\/wp-content\/uploads\/2024\/07\/Pieghevole-Sotto-langelo_2024_PER-MEDIA-1-300x212.jpg 300w, https:\/\/direzionemuseiroma.cultura.gov.it\/wp-content\/uploads\/2024\/07\/Pieghevole-Sotto-langelo_2024_PER-MEDIA-1-1024x724.jpg 1024w, https:\/\/direzionemuseiroma.cultura.gov.it\/wp-content\/uploads\/2024\/07\/Pieghevole-Sotto-langelo_2024_PER-MEDIA-1-768x543.jpg 768w, https:\/\/direzionemuseiroma.cultura.gov.it\/wp-content\/uploads\/2024\/07\/Pieghevole-Sotto-langelo_2024_PER-MEDIA-1-2048x1448.jpg 2048w\" sizes=\"(max-width: 800px) 100vw, 800px\" \/><br \/>\n<img decoding=\"async\" width=\"800\" height=\"566\" src=\"https:\/\/direzionemuseiroma.cultura.gov.it\/wp-content\/uploads\/2024\/07\/Pieghevole-Sotto-langelo_2024_PER-MEDIA-2-1536x1086.jpg\" alt=\"\" loading=\"lazy\" srcset=\"https:\/\/direzionemuseiroma.cultura.gov.it\/wp-content\/uploads\/2024\/07\/Pieghevole-Sotto-langelo_2024_PER-MEDIA-2-1536x1086.jpg 1536w, https:\/\/direzionemuseiroma.cultura.gov.it\/wp-content\/uploads\/2024\/07\/Pieghevole-Sotto-langelo_2024_PER-MEDIA-2-300x212.jpg 300w, https:\/\/direzionemuseiroma.cultura.gov.it\/wp-content\/uploads\/2024\/07\/Pieghevole-Sotto-langelo_2024_PER-MEDIA-2-1024x724.jpg 1024w, https:\/\/direzionemuseiroma.cultura.gov.it\/wp-content\/uploads\/2024\/07\/Pieghevole-Sotto-langelo_2024_PER-MEDIA-2-768x543.jpg 768w, https:\/\/direzionemuseiroma.cultura.gov.it\/wp-content\/uploads\/2024\/07\/Pieghevole-Sotto-langelo_2024_PER-MEDIA-2-2048x1448.jpg 2048w\" sizes=\"(max-width: 800px) 100vw, 800px\" \/><\/p>\n","protected":false},"excerpt":{"rendered":"<p>Il confronto fra l\u2019arte dell\u2019attore, quella del danzatore e del musicista, che riesce a innescare un dialogo con gli spazi del museo e i suoi pubblici, \u00e8 la proposta che Castel Sant\u2019Angelo, guidato dal Direttore generale Musei Massimo Osanna, promuove con la IV edizione della rassegna \u201csotto l\u2019Angelo di Castello: danza, musica, spettacolo\u201d, a cura di Anna Selvi, che si terr\u00e0 dal 3 luglio al 26 settembre 2024, nell\u2019ambito del programma di valorizzazione del monumento. Anche quest\u2019anno, al pubblico sar\u00e0 offerta la possibilit\u00e0 di usufruire di esperienze di intrattenimento, ma anche in grado di sollecitare riflessioni, attraversando territori inusuali, fantasiosi, sociali, multimediali all\u2019interno dei suggestivi spazi del sito museale. \u201cAncora una volta \u2013 commenta il Direttore generale Musei Massimo Osanna \u2013 Castel Sant\u2019Angelo si presenta come punto di riferimento nella programmazione estiva che Roma offre a cittadini e visitatori, con proposte di alto livello culturale, anche nell\u2019ottica di rendere i nostri musei, sempre di pi\u00f9, luoghi di sperimentazione, arricchimento e dialogo, per tutti i tipi di pubblico.\u201d\u00a0 La rassegna si apre il 3 luglio ore 21 (con repliche il 4 luglio alle ore 18.30 e alle 21) con il ritorno a Roma dopo quasi 10 anni della Compagnia della Fortezza \u2013 Carte Blanche di Armando Punzo. Tra i numerosi riconoscimenti anche sette Premi UBU e il Leone d\u2019Oro alla carriera della Biennale di Venezia, sezione Teatro 2023, che il regista ha ricevuto per la sua attivit\u00e0 trentennale all\u2019interno del carcere di Volterra. Il fondatore e direttore della prima compagnia stabile all\u2019interno di un istituto di pena presenter\u00e0 NATURAE: un progetto site-specific con le musiche originali di Andreino Salvadori, approdo di un ciclo di lavoro durato 8 anni, risultato vincitore anche del bando per la valorizzazione delle attivit\u00e0 spettacolo dal vivo svolte negli istituti e luoghi della cultura della Direzione generale Spettacolo. Il 10 luglio, in occasione dell\u2019anniversario della morte dell\u2019Imperatore Adriano nel 138 d.C., Roberto Latini, sar\u00e0 la voce di Adriano e di altri poeti, in SMARRITA E SOAVE. Adriano, poeta, tra poeti, accompagnato dalle musiche di Gianluca Misiti, eseguite dal vivo da Luisiana Lorusso violino e Claudia Della Gatta violoncello. Si prosegue il 18 luglio con Alessandro Quarta, violinista, polistrumentista e compositore italiano famoso in tutto il mondo. NO LIMITS QUINTET \u00e8 il nuovo progetto che il musicista presenter\u00e0 insieme a Giuseppe Magagnino pianoforte, Franco Chiriv\u00ec chitarra, Michele Colaci contrabbasso e Cristian Martina batteria. Di rilievo sono i violini che Alessandro Quarta suoner\u00e0: un Alessandro Gagliano del 1723, \u201cex principe della famiglia Clelia Biondi\u201d, e un Giovanni Battista Guadagnini, gioiello del 1761. Il 24 luglio, alle 19 e alle 21, arriva il primo appuntamento per le famiglie: HAMELIN, un lavoro teatrale di Tonio De Nitto, con Fabio Tinella, ispirato al Pifferaio magico dei Fratelli Grimm. Vincitore del premio Eolo Award 2023 come miglior spettacolo dedicato a bambini e ragazzi, lo spettacolo \u00e8 particolarmente consigliato per i bambini dai 5 anni in su. Il 7 agosto la coreografa Silvia Gribaudi presenter\u00e0 A CORPO LIBERO alle ore 19, e GRACES alle 21. Quest\u2019ultima opera di danza si rif\u00e0 al celebre gruppo scultoreo delle Grazie che Antonio Canova realizz\u00f2 tra il 1812 e il 1817. L\u2019ispirazione mitologica \u00e8 indagata dalla coreografa attraverso una ricerca sull\u2019impatto sociale del corpo che predilige spesso la comicit\u00e0 e la relazione tra spettatore e performer. In scena insieme a Silvia Gribaudi anche Siro Guglielmi, Matteo Marchesi e Andrea Rampazzo, sotto lo sguardo registico e visivo di Matteo Maffesanti. \u00c8 previsto, poi, sulla terrazza di Castel Sant\u2019Angelo, un viaggio sotto le stelle attraverso il concerto THE HEALING SAX, il lavoro intimo e spirituale che Dimitri Grechi Espinoza presenter\u00e0 il 13 agosto alle ore 19.30 e alle ore 21. Il musicista russo, frequentatore del Jazz Mobile di New York, e fondatore del gruppo di ricerca musicale Dinamitri Jazz Folklore, ci guider\u00e0 con il suo sax e la sua musica contaminata dalle culture dell\u2019est Europa ma anche dalla tradizione jazzistica italiana e americana. Il 20 agosto sar\u00e0 la volta di Cettina Donato con ONE PIANO SHOW. La musicista, pi\u00f9 volte inserita dai Jazzit Awards nella classifica dei migliori arrangiatori italiani, \u00e8 laureata al prestigioso Berklee Music College di Boston, dove \u00e8 stata nominata \u201cBest Jazz Revelation Composer and Performer\u201d ed ha ricevuto anche l\u2019ambito Carla Bley Award. Da non perdere Mimmo Cuticchio, il 27 agosto con L\u2019ILIADE O SIA IL RISCATTO DI PRIAMO: un esempio dell\u2019Opera dei Pupi, dal 2001 riconosciuta dall\u2019Unesco come patrimonio immateriale dell\u2019umanit\u00e0, qui con le musiche appositamente scritte da Giacomo Cuticchio. La Compagnia dei Figli d\u2019Arte presenta i capolavori della famiglia Cuticchio, con la serie di tutti i personaggi creati da Mimmo che ne ha sbalzato le armature, Nino Cuticchio che ne ha scolpito le teste in legno e Guido Cuticchio che ha realizzato le ossature. I costumi sono stati realizzati dalla grande mamma Pina Patti Cuticchio e le scene dal Maestro pittore Marco Incardona. Si torna al Jazz il 5 settembre con Antonio Lizana voce e sassofono, in quintetto con David Sancho pianoforte e tastiere, Arin Keshishi basso elettrico, Shayan Fathi batteria, El Mawi de C\u00e1diz danza e cori con l\u2019ultimo album VISHUDDHA. Cos\u00ec si chiama il quinto chakra nella tradizione ind\u00f9, che possiamo tradurre con \u201cPurezza\u201d, al quale viene attribuito il potere di esprimere la nostra verit\u00e0 pi\u00f9 profonda, portando bellezza in questo mondo. L\u2019artista \u00e8 cantante di flamenco e talentuoso sassofonista jazz, con un cuore andaluso e un\u2019anima improvvisatrice. Il 13 settembre alle ore 18.30, 19.30 e alle ore 21, nella sala della Biblioteca presentato IL COMBATTIMENTO DI TANCREDI E CLORINDA con la regia di Fabio Cherstich \/ coreografia Philippe Kratz, presentato dal Centro Coreografico Nazionale \/ Aterballetto. Il progetto, vincitore del bando per la valorizzazione della Direzione generale Spettacolo, sar\u00e0 realizzato in 7 siti museali dal nord al sud dell\u2019Italia, con una premi\u00e8re il 12 settembre al Museo archeologico nazionale e Teatro romano di Spoleto. La scelta musicale rappresenta uno dei brani pi\u00f9 straordinari di Claudio Monteverdi in occasione dei 400 anni dalla sua prima rappresentazione. Il 19 settembre l\u2019appuntamento sar\u00e0<\/p>\n","protected":false},"author":8,"featured_media":16864,"comment_status":"open","ping_status":"open","sticky":false,"template":"","format":"standard","meta":{"om_disable_all_campaigns":false,"footnotes":""},"categories":[68,69,112],"tags":[],"pp_force_visibility":null,"pp_subpost_visibility":null,"pp_inherited_force_visibility":null,"pp_inherited_subpost_visibility":null,"aioseo_notices":[],"_links":{"self":[{"href":"https:\/\/direzionemuseiroma.cultura.gov.it\/en\/wp-json\/wp\/v2\/posts\/18101"}],"collection":[{"href":"https:\/\/direzionemuseiroma.cultura.gov.it\/en\/wp-json\/wp\/v2\/posts"}],"about":[{"href":"https:\/\/direzionemuseiroma.cultura.gov.it\/en\/wp-json\/wp\/v2\/types\/post"}],"author":[{"embeddable":true,"href":"https:\/\/direzionemuseiroma.cultura.gov.it\/en\/wp-json\/wp\/v2\/users\/8"}],"replies":[{"embeddable":true,"href":"https:\/\/direzionemuseiroma.cultura.gov.it\/en\/wp-json\/wp\/v2\/comments?post=18101"}],"version-history":[{"count":4,"href":"https:\/\/direzionemuseiroma.cultura.gov.it\/en\/wp-json\/wp\/v2\/posts\/18101\/revisions"}],"predecessor-version":[{"id":19012,"href":"https:\/\/direzionemuseiroma.cultura.gov.it\/en\/wp-json\/wp\/v2\/posts\/18101\/revisions\/19012"}],"wp:featuredmedia":[{"embeddable":true,"href":"https:\/\/direzionemuseiroma.cultura.gov.it\/en\/wp-json\/wp\/v2\/media\/16864"}],"wp:attachment":[{"href":"https:\/\/direzionemuseiroma.cultura.gov.it\/en\/wp-json\/wp\/v2\/media?parent=18101"}],"wp:term":[{"taxonomy":"category","embeddable":true,"href":"https:\/\/direzionemuseiroma.cultura.gov.it\/en\/wp-json\/wp\/v2\/categories?post=18101"},{"taxonomy":"post_tag","embeddable":true,"href":"https:\/\/direzionemuseiroma.cultura.gov.it\/en\/wp-json\/wp\/v2\/tags?post=18101"}],"curies":[{"name":"wp","href":"https:\/\/api.w.org\/{rel}","templated":true}]}}